{"id":2645,"date":"2016-06-21T13:00:12","date_gmt":"2016-06-21T11:00:12","guid":{"rendered":"https:\/\/javierperezvilla.com\/?p=2645"},"modified":"2016-06-21T13:00:12","modified_gmt":"2016-06-21T11:00:12","slug":"se-cierra-la-venta-del-granada","status":"publish","type":"post","link":"https:\/\/javierperezvilla.com\/?p=2645","title":{"rendered":"Se cierra la venta del Granada"},"content":{"rendered":"<p style=\"text-align:justify;\">La venta del <strong>Granada<\/strong> ha culminado con la firma de las partes en Barcelona. El nuevo propietario, el empresario chino Juang Lizhang ya se ha puesto al mando del club que va a presidir a partir de ahora.<a href=\"https:\/\/javierperezvilla.com\/wp-content\/uploads\/2016\/06\/the-ball-488707_640.jpg\"><img loading=\"lazy\" decoding=\"async\" class=\"aligncenter size-full wp-image-2647\" src=\"https:\/\/javierperezvilla.com\/wp-content\/uploads\/2016\/06\/the-ball-488707_640.jpg\" alt=\"\" width=\"640\" height=\"426\" srcset=\"https:\/\/javierperezvilla.com\/wp-content\/uploads\/2016\/06\/the-ball-488707_640.jpg 640w, https:\/\/javierperezvilla.com\/wp-content\/uploads\/2016\/06\/the-ball-488707_640-300x200.jpg 300w\" sizes=\"auto, (max-width: 640px) 100vw, 640px\" \/><\/a><\/p>\n<p style=\"text-align:justify;\">La llegada de nuevos dirigentes al club tambi\u00e9n traer\u00e1 consigo la llegada de un nuevo entrenador, que dirigir\u00e1 al equipo la pr\u00f3xima temporada, pero del que todav\u00eda no se conoce qui\u00e9n ser\u00e1.<\/p>\n<p style=\"text-align:justify;\">Fuente: <strong>EFE<\/strong><\/p>\n<p style=\"text-align:justify;\">Javier P\u00e9rez Villa<\/p>\n","protected":false},"excerpt":{"rendered":"<p>La venta del Granada ha culminado con la firma de las partes en Barcelona. El nuevo propietario, el empresario chino Juang Lizhang ya se ha puesto al mando del club que va a presidir a partir de ahora. La llegada de nuevos dirigentes al club&nbsp;<a class=\"read-more\" href=\"https:\/\/javierperezvilla.com\/?p=2645\">Leer m\u00e1s<\/a><\/p>\n","protected":false},"author":1,"featured_media":0,"comment_status":"open","ping_status":"open","sticky":false,"template":"","format":"gallery","meta":{"footnotes":""},"categories":[79],"tags":[],"class_list":["post-2645","post","type-post","status-publish","format-gallery","hentry","category-noticias-derecho-deportivo","post_format-post-format-gallery"],"_links":{"self":[{"href":"https:\/\/javierperezvilla.com\/index.php?rest_route=\/wp\/v2\/posts\/2645","targetHints":{"allow":["GET"]}}],"collection":[{"href":"https:\/\/javierperezvilla.com\/index.php?rest_route=\/wp\/v2\/posts"}],"about":[{"href":"https:\/\/javierperezvilla.com\/index.php?rest_route=\/wp\/v2\/types\/post"}],"author":[{"embeddable":true,"href":"https:\/\/javierperezvilla.com\/index.php?rest_route=\/wp\/v2\/users\/1"}],"replies":[{"embeddable":true,"href":"https:\/\/javierperezvilla.com\/index.php?rest_route=%2Fwp%2Fv2%2Fcomments&post=2645"}],"version-history":[{"count":0,"href":"https:\/\/javierperezvilla.com\/index.php?rest_route=\/wp\/v2\/posts\/2645\/revisions"}],"wp:attachment":[{"href":"https:\/\/javierperezvilla.com\/index.php?rest_route=%2Fwp%2Fv2%2Fmedia&parent=2645"}],"wp:term":[{"taxonomy":"category","embeddable":true,"href":"https:\/\/javierperezvilla.com\/index.php?rest_route=%2Fwp%2Fv2%2Fcategories&post=2645"},{"taxonomy":"post_tag","embeddable":true,"href":"https:\/\/javierperezvilla.com\/index.php?rest_route=%2Fwp%2Fv2%2Ftags&post=2645"}],"curies":[{"name":"wp","href":"https:\/\/api.w.org\/{rel}","templated":true}]}}