{"id":2653,"date":"2016-06-17T17:00:18","date_gmt":"2016-06-17T15:00:18","guid":{"rendered":"https:\/\/javierperezvilla.com\/?p=2653"},"modified":"2016-06-17T17:00:18","modified_gmt":"2016-06-17T15:00:18","slug":"curso-uoc-sobre-mediacion-deportiva","status":"publish","type":"post","link":"https:\/\/javierperezvilla.com\/?p=2653","title":{"rendered":"Curso UOC sobre Mediaci\u00f3n Deportiva"},"content":{"rendered":"<p style=\"text-align: justify;\">La Universitat Oberta de Catalunya realizar\u00e1 entre el 29 de junio y el 26 de julio la 1\u00aa edici\u00f3n del <strong>Curso de Mediaci\u00f3n Deportiva,<\/strong> en modalidad online.<a href=\"https:\/\/javierperezvilla.com\/wp-content\/uploads\/2016\/06\/fraude-apuestas-deportivas.jpg\"><img loading=\"lazy\" decoding=\"async\" class=\"alignleft size-full wp-image-2654\" src=\"https:\/\/javierperezvilla.com\/wp-content\/uploads\/2016\/06\/fraude-apuestas-deportivas.jpg\" alt=\"\" width=\"644\" height=\"362\" srcset=\"https:\/\/javierperezvilla.com\/wp-content\/uploads\/2016\/06\/fraude-apuestas-deportivas.jpg 644w, https:\/\/javierperezvilla.com\/wp-content\/uploads\/2016\/06\/fraude-apuestas-deportivas-300x169.jpg 300w\" sizes=\"auto, (max-width: 644px) 100vw, 644px\" \/><\/a><\/p>\n<p style=\"text-align: justify;\">El curso va dirigido tanto a profesionales del derecho, psicolog\u00eda o ciencias de la actividad f\u00edsica y el deporte, como a todas personas que est\u00e9n interesadas en esta disciplina como resoluci\u00f3n alternativa de conflictos.<\/p>\n<p style=\"text-align: justify;\">Dotar\u00e1 a los estudiantes de conocimientos te\u00f3rico-pr\u00e1cticos sobre mediaci\u00f3n deportiva, aprendiendo a comprender la importancia de esta disciplina, sus fundamentos jur\u00eddicos y las fases que comprende as\u00ed como su estructuraci\u00f3n, entre otros. Podr\u00e1n conocer la bases del derecho deportivo, as\u00ed como desarrollar una capacidad de an\u00e1lisis y tratamiento dentro de los conflictos de origen deportivo.<\/p>\n<p style=\"text-align: justify;\">Tendr\u00e1 una duraci\u00f3n de 25 horas y se impartir\u00e1 en modalidad online.<\/p>\n<p style=\"text-align: justify;\">Toda la informaci\u00f3n est\u00e1 disponible en este <strong><a href=\"http:\/\/estudios.uoc.edu\/es\/seminarios-cursos\/mediacion-deportiva\/presentacion\" target=\"_blank\" rel=\"noopener\">enlace<\/a>.<\/strong><\/p>\n<p style=\"text-align: justify;\">Javier P\u00e9rez Villa<\/p>\n<p>&nbsp;<\/p>\n","protected":false},"excerpt":{"rendered":"<p>La Universitat Oberta de Catalunya realizar\u00e1 entre el 29 de junio y el 26 de julio la 1\u00aa edici\u00f3n del Curso de Mediaci\u00f3n Deportiva, en modalidad online. El curso va dirigido tanto a profesionales del derecho, psicolog\u00eda o ciencias de la actividad f\u00edsica y el&nbsp;<a class=\"read-more\" href=\"https:\/\/javierperezvilla.com\/?p=2653\">Leer m\u00e1s<\/a><\/p>\n","protected":false},"author":1,"featured_media":0,"comment_status":"open","ping_status":"open","sticky":false,"template":"","format":"gallery","meta":{"footnotes":""},"categories":[79],"tags":[54],"class_list":["post-2653","post","type-post","status-publish","format-gallery","hentry","category-noticias-derecho-deportivo","tag-mediacion-deportiva","post_format-post-format-gallery"],"_links":{"self":[{"href":"https:\/\/javierperezvilla.com\/index.php?rest_route=\/wp\/v2\/posts\/2653","targetHints":{"allow":["GET"]}}],"collection":[{"href":"https:\/\/javierperezvilla.com\/index.php?rest_route=\/wp\/v2\/posts"}],"about":[{"href":"https:\/\/javierperezvilla.com\/index.php?rest_route=\/wp\/v2\/types\/post"}],"author":[{"embeddable":true,"href":"https:\/\/javierperezvilla.com\/index.php?rest_route=\/wp\/v2\/users\/1"}],"replies":[{"embeddable":true,"href":"https:\/\/javierperezvilla.com\/index.php?rest_route=%2Fwp%2Fv2%2Fcomments&post=2653"}],"version-history":[{"count":0,"href":"https:\/\/javierperezvilla.com\/index.php?rest_route=\/wp\/v2\/posts\/2653\/revisions"}],"wp:attachment":[{"href":"https:\/\/javierperezvilla.com\/index.php?rest_route=%2Fwp%2Fv2%2Fmedia&parent=2653"}],"wp:term":[{"taxonomy":"category","embeddable":true,"href":"https:\/\/javierperezvilla.com\/index.php?rest_route=%2Fwp%2Fv2%2Fcategories&post=2653"},{"taxonomy":"post_tag","embeddable":true,"href":"https:\/\/javierperezvilla.com\/index.php?rest_route=%2Fwp%2Fv2%2Ftags&post=2653"}],"curies":[{"name":"wp","href":"https:\/\/api.w.org\/{rel}","templated":true}]}}