{"id":2660,"date":"2016-06-23T17:05:11","date_gmt":"2016-06-23T15:05:11","guid":{"rendered":"https:\/\/javierperezvilla.com\/?p=2660"},"modified":"2016-06-23T17:05:11","modified_gmt":"2016-06-23T15:05:11","slug":"imputan-a-tres-ex-presidentes-del-racing-de-santander-por-presunto-amano","status":"publish","type":"post","link":"https:\/\/javierperezvilla.com\/?p=2660","title":{"rendered":"Imputan a dos ex-presidentes del Racing de Santander y un agente, por presunto ama\u00f1o"},"content":{"rendered":"<p style=\"text-align: justify;\">\u00c1ngel Lav\u00edn Iglesias, Francisco Pern\u00eda Calvo y Eugenio Botas Gonz\u00e1lez-illamil, han sido citados en el juicio oral que el Juzgado de Instrucci\u00f3n 3 de Girona ha abierto sobre el intento de <strong>ama\u00f1o<\/strong> del Girona C.F y el Racing de Santander en la temporada 2012\/2013.<img loading=\"lazy\" decoding=\"async\" class=\"alignright size-full wp-image-2661\" src=\"https:\/\/javierperezvilla.com\/wp-content\/uploads\/2016\/06\/amac3b1o-de-partidos.jpg\" alt=\"ama\u00f1o-de-partidos\" width=\"576\" height=\"324\" srcset=\"https:\/\/javierperezvilla.com\/wp-content\/uploads\/2016\/06\/amac3b1o-de-partidos.jpg 576w, https:\/\/javierperezvilla.com\/wp-content\/uploads\/2016\/06\/amac3b1o-de-partidos-300x169.jpg 300w\" sizes=\"auto, (max-width: 576px) 100vw, 576px\" \/><\/p>\n<p style=\"text-align: justify;\">Los tres est\u00e1n imputados por un presunto delito de <strong>corrupci\u00f3n deportiva<\/strong> en este asunto, y en caso de resultar culpables, podr\u00edan enfrentarse a penas de entre 6 meses y 4 a\u00f1os de prisi\u00f3n, inhabilitaci\u00f3n y una multa econ\u00f3mica de hasta 3 millones de euros.<\/p>\n<p>Fuente: <strong>Iusport<\/strong><\/p>\n<p>Javier P\u00e9rez Villa<\/p>\n","protected":false},"excerpt":{"rendered":"<p>\u00c1ngel Lav\u00edn Iglesias, Francisco Pern\u00eda Calvo y Eugenio Botas Gonz\u00e1lez-illamil, han sido citados en el juicio oral que el Juzgado de Instrucci\u00f3n 3 de Girona ha abierto sobre el intento de ama\u00f1o del Girona C.F y el Racing de Santander en la temporada 2012\/2013. Los&nbsp;<a class=\"read-more\" href=\"https:\/\/javierperezvilla.com\/?p=2660\">Leer m\u00e1s<\/a><\/p>\n","protected":false},"author":1,"featured_media":0,"comment_status":"open","ping_status":"open","sticky":false,"template":"","format":"gallery","meta":{"footnotes":""},"categories":[79],"tags":[82,12,22,88],"class_list":["post-2660","post","type-post","status-publish","format-gallery","hentry","category-noticias-derecho-deportivo","tag-fraude-deportivo-11","tag-futbol","tag-lfp","tag-mach-fixing","post_format-post-format-gallery"],"_links":{"self":[{"href":"https:\/\/javierperezvilla.com\/index.php?rest_route=\/wp\/v2\/posts\/2660","targetHints":{"allow":["GET"]}}],"collection":[{"href":"https:\/\/javierperezvilla.com\/index.php?rest_route=\/wp\/v2\/posts"}],"about":[{"href":"https:\/\/javierperezvilla.com\/index.php?rest_route=\/wp\/v2\/types\/post"}],"author":[{"embeddable":true,"href":"https:\/\/javierperezvilla.com\/index.php?rest_route=\/wp\/v2\/users\/1"}],"replies":[{"embeddable":true,"href":"https:\/\/javierperezvilla.com\/index.php?rest_route=%2Fwp%2Fv2%2Fcomments&post=2660"}],"version-history":[{"count":0,"href":"https:\/\/javierperezvilla.com\/index.php?rest_route=\/wp\/v2\/posts\/2660\/revisions"}],"wp:attachment":[{"href":"https:\/\/javierperezvilla.com\/index.php?rest_route=%2Fwp%2Fv2%2Fmedia&parent=2660"}],"wp:term":[{"taxonomy":"category","embeddable":true,"href":"https:\/\/javierperezvilla.com\/index.php?rest_route=%2Fwp%2Fv2%2Fcategories&post=2660"},{"taxonomy":"post_tag","embeddable":true,"href":"https:\/\/javierperezvilla.com\/index.php?rest_route=%2Fwp%2Fv2%2Ftags&post=2660"}],"curies":[{"name":"wp","href":"https:\/\/api.w.org\/{rel}","templated":true}]}}