{"id":2754,"date":"2016-07-11T09:29:08","date_gmt":"2016-07-11T07:29:08","guid":{"rendered":"https:\/\/javierperezvilla.com\/?p=2754"},"modified":"2016-07-11T09:29:08","modified_gmt":"2016-07-11T07:29:08","slug":"planes-de-colaboracion-de-uefa-y-afc","status":"publish","type":"post","link":"https:\/\/javierperezvilla.com\/?p=2754","title":{"rendered":"Planes de colaboraci\u00f3n de UEFA y AFC"},"content":{"rendered":"<p style=\"text-align:justify;\"><strong><a href=\"https:\/\/javierperezvilla.com\/wp-content\/uploads\/2016\/07\/uefa_2013.png\"><img loading=\"lazy\" decoding=\"async\" class=\"aligncenter size-full wp-image-2756\" src=\"https:\/\/javierperezvilla.com\/wp-content\/uploads\/2016\/07\/uefa_2013.png\" alt=\"\" width=\"763\" height=\"342\" srcset=\"https:\/\/javierperezvilla.com\/wp-content\/uploads\/2016\/07\/uefa_2013.png 763w, https:\/\/javierperezvilla.com\/wp-content\/uploads\/2016\/07\/uefa_2013-300x134.png 300w, https:\/\/javierperezvilla.com\/wp-content\/uploads\/2016\/07\/uefa_2013-760x342.png 760w\" sizes=\"auto, (max-width: 763px) 100vw, 763px\" \/><\/a>UEFA<\/strong> y la <strong>Confederaci\u00f3n Asi\u00e1tica de F\u00fatbol<\/strong> est\u00e1n dando pasos hacia una futura colaboraci\u00f3n. A trav\u00e9s de diferentes reuniones que han llevado a cabo desde 2012, han ido confeccionando un <strong>Memor\u00e1ndum de Entendimiento<\/strong>, que fue renovado el pasado 2015.<\/p>\n<p style=\"text-align:justify;\">A trav\u00e9s de este memor\u00e1ndum, cuya vigencia se extiende hasta 2019, buscan ampliar sus objetivos comunes as\u00ed como desarrollar y mejorar diferentes \u00e1reas.<\/p>\n<p>Fuente: <strong>Inside World Football<\/strong><\/p>\n<p>Javier P\u00e9rez Villa<\/p>\n","protected":false},"excerpt":{"rendered":"<p>UEFA y la Confederaci\u00f3n Asi\u00e1tica de F\u00fatbol est\u00e1n dando pasos hacia una futura colaboraci\u00f3n. A trav\u00e9s de diferentes reuniones que han llevado a cabo desde 2012, han ido confeccionando un Memor\u00e1ndum de Entendimiento, que fue renovado el pasado 2015. A trav\u00e9s de este memor\u00e1ndum, cuya&nbsp;<a class=\"read-more\" href=\"https:\/\/javierperezvilla.com\/?p=2754\">Leer m\u00e1s<\/a><\/p>\n","protected":false},"author":1,"featured_media":0,"comment_status":"open","ping_status":"open","sticky":false,"template":"","format":"gallery","meta":{"footnotes":""},"categories":[79],"tags":[12,83,45],"class_list":["post-2754","post","type-post","status-publish","format-gallery","hentry","category-noticias-derecho-deportivo","tag-futbol","tag-noticias-futbol","tag-uefa","post_format-post-format-gallery"],"_links":{"self":[{"href":"https:\/\/javierperezvilla.com\/index.php?rest_route=\/wp\/v2\/posts\/2754","targetHints":{"allow":["GET"]}}],"collection":[{"href":"https:\/\/javierperezvilla.com\/index.php?rest_route=\/wp\/v2\/posts"}],"about":[{"href":"https:\/\/javierperezvilla.com\/index.php?rest_route=\/wp\/v2\/types\/post"}],"author":[{"embeddable":true,"href":"https:\/\/javierperezvilla.com\/index.php?rest_route=\/wp\/v2\/users\/1"}],"replies":[{"embeddable":true,"href":"https:\/\/javierperezvilla.com\/index.php?rest_route=%2Fwp%2Fv2%2Fcomments&post=2754"}],"version-history":[{"count":0,"href":"https:\/\/javierperezvilla.com\/index.php?rest_route=\/wp\/v2\/posts\/2754\/revisions"}],"wp:attachment":[{"href":"https:\/\/javierperezvilla.com\/index.php?rest_route=%2Fwp%2Fv2%2Fmedia&parent=2754"}],"wp:term":[{"taxonomy":"category","embeddable":true,"href":"https:\/\/javierperezvilla.com\/index.php?rest_route=%2Fwp%2Fv2%2Fcategories&post=2754"},{"taxonomy":"post_tag","embeddable":true,"href":"https:\/\/javierperezvilla.com\/index.php?rest_route=%2Fwp%2Fv2%2Ftags&post=2754"}],"curies":[{"name":"wp","href":"https:\/\/api.w.org\/{rel}","templated":true}]}}