{"id":2759,"date":"2016-07-08T13:10:04","date_gmt":"2016-07-08T11:10:04","guid":{"rendered":"https:\/\/javierperezvilla.com\/?p=2759"},"modified":"2016-07-08T13:10:04","modified_gmt":"2016-07-08T11:10:04","slug":"el-tas-decidira-el-futuro-de-68-atletas-rusos-para-participar-en-rio","status":"publish","type":"post","link":"https:\/\/javierperezvilla.com\/?p=2759","title":{"rendered":"El TAS decidir\u00e1 el futuro de 68 atletas rusos para participar en R\u00edo"},"content":{"rendered":"<p style=\"text-align:justify;\">La soluci\u00f3n al\u00a0conflicto sobre la presencia de 68 atletas rusos en los pr\u00f3ximos juegos de R\u00edo est\u00e1 ahora en manos del <strong>TAS<\/strong>.<\/p>\n<p style=\"text-align:justify;\">El pasado mes de noviembre, la <strong>Federaci\u00f3n Internacional de Atletismo<\/strong> expulsaba como miembro\u00a0a la <strong>Federaci\u00f3n Nacional Rusa<\/strong>, por\u00a0lo que estos atletas no pod\u00edan participar en competiciones que se desarrollasen bajo la normativa de la IAAF.<\/p>\n<p style=\"text-align:justify;\">Tanto el Comit\u00e9 Ol\u00edmpico Ruso, como los 68 atletas solicitan al <strong>TAS<\/strong> la revisi\u00f3n de la validez, vigencia y \u00e1mbito de las reglas 22.1(a) y 22.1A de la IAFF. Las partes\u00a0acordaron un proceso r\u00e1pido que deber\u00eda finalizar el pr\u00f3ximo d\u00eda 21, con la resoluci\u00f3n del <strong>TAS<\/strong>.<\/p>\n<p>Fuente: <strong>TAS<\/strong><\/p>\n<p>Javier P\u00e9rez Villa<\/p>\n","protected":false},"excerpt":{"rendered":"<p>La soluci\u00f3n al\u00a0conflicto sobre la presencia de 68 atletas rusos en los pr\u00f3ximos juegos de R\u00edo est\u00e1 ahora en manos del TAS. El pasado mes de noviembre, la Federaci\u00f3n Internacional de Atletismo expulsaba como miembro\u00a0a la Federaci\u00f3n Nacional Rusa, por\u00a0lo que estos atletas no pod\u00edan&nbsp;<a class=\"read-more\" href=\"https:\/\/javierperezvilla.com\/?p=2759\">Leer m\u00e1s<\/a><\/p>\n","protected":false},"author":1,"featured_media":0,"comment_status":"open","ping_status":"open","sticky":false,"template":"","format":"image","meta":{"footnotes":""},"categories":[79],"tags":[104,7,37],"class_list":["post-2759","post","type-post","status-publish","format-image","hentry","category-noticias-derecho-deportivo","tag-atletismo","tag-noticias-2","tag-tas","post_format-post-format-image"],"_links":{"self":[{"href":"https:\/\/javierperezvilla.com\/index.php?rest_route=\/wp\/v2\/posts\/2759","targetHints":{"allow":["GET"]}}],"collection":[{"href":"https:\/\/javierperezvilla.com\/index.php?rest_route=\/wp\/v2\/posts"}],"about":[{"href":"https:\/\/javierperezvilla.com\/index.php?rest_route=\/wp\/v2\/types\/post"}],"author":[{"embeddable":true,"href":"https:\/\/javierperezvilla.com\/index.php?rest_route=\/wp\/v2\/users\/1"}],"replies":[{"embeddable":true,"href":"https:\/\/javierperezvilla.com\/index.php?rest_route=%2Fwp%2Fv2%2Fcomments&post=2759"}],"version-history":[{"count":0,"href":"https:\/\/javierperezvilla.com\/index.php?rest_route=\/wp\/v2\/posts\/2759\/revisions"}],"wp:attachment":[{"href":"https:\/\/javierperezvilla.com\/index.php?rest_route=%2Fwp%2Fv2%2Fmedia&parent=2759"}],"wp:term":[{"taxonomy":"category","embeddable":true,"href":"https:\/\/javierperezvilla.com\/index.php?rest_route=%2Fwp%2Fv2%2Fcategories&post=2759"},{"taxonomy":"post_tag","embeddable":true,"href":"https:\/\/javierperezvilla.com\/index.php?rest_route=%2Fwp%2Fv2%2Ftags&post=2759"}],"curies":[{"name":"wp","href":"https:\/\/api.w.org\/{rel}","templated":true}]}}