{"id":2765,"date":"2016-07-15T12:30:12","date_gmt":"2016-07-15T10:30:12","guid":{"rendered":"https:\/\/javierperezvilla.com\/?p=2765"},"modified":"2016-07-15T12:30:12","modified_gmt":"2016-07-15T10:30:12","slug":"modificaciones-de-la-reglamentacion-fifa-y-la-proteccion-de-menores","status":"publish","type":"post","link":"https:\/\/javierperezvilla.com\/?p=2765","title":{"rendered":"Modificaciones de la Reglamentaci\u00f3n FIFA y la protecci\u00f3n de menores."},"content":{"rendered":"<p style=\"text-align: justify;\">El pasado mes de marzo, el <strong>Comit\u00e9 Ejecutivo de FIFA<\/strong>, aprob\u00f3 la modificaci\u00f3n parcial del art\u00edculo 19, del <strong>Reglamento sobre el Estatuto y la Transferencia de Jugadores<\/strong>, relativo a la protecci\u00f3n de menores, de gran importancia, y especial relevancia en nuestro \u00e1mbito.<a href=\"https:\/\/javierperezvilla.com\/wp-content\/uploads\/2016\/07\/floating-soccer-ball-1509397-640x480-1.jpg\"><br \/>\n<\/a><\/p>\n<p style=\"text-align: justify;\">As\u00ed se modifican los apartados 3 y 4 del citado art\u00edculo 19.<\/p>\n<p style=\"text-align: justify;\">Se autoriza la <strong>primera inscripci\u00f3n de un menor de edad<\/strong>, que posea la nacionalidad del pa\u00eds donde se pretenda \u00e9sta, siempre y cuando haya vivido, de forma ininterrumpida en el mismo, durante un periodo superior a los 5 a\u00f1os anteriores a su solicitud de inscripci\u00f3n.<\/p>\n<p style=\"text-align: justify;\">As\u00ed, en el numeral 3 del mencionado precepto, se introduce \u201cla regla de los 5 a\u00f1os de permanencia ininterrumpida\u201d.<\/p>\n<p style=\"text-align: justify;\">De este modo, las condiciones establecidas, para la <strong>transferencia internacional de menores de edad<\/strong>, ser\u00e1n aplicables a todo jugador no inscrito previamente en ning\u00fan club, no natural del pa\u00eds en el que se pretenda la primera inscripci\u00f3n, y que no haya vivido de forma ininterrumpida en dicho pa\u00eds, durante un periodo de 5 a\u00f1os previos a la citada inscripci\u00f3n.<\/p>\n<p style=\"text-align: justify;\">Derivado de la anterior modificaci\u00f3n, se sujeta tambi\u00e9n a la aprobaci\u00f3n de la subcomisi\u00f3n designada por la Comisi\u00f3n del Estatuto del Jugador a tal efecto, la primera inscripci\u00f3n de menores extranjeros que hayan vivido de forma ininterrumpida los \u00faltimos 5 a\u00f1os, en el pais donde se pretenda su inscripci\u00f3n.<\/p>\n<p style=\"text-align: justify;\">As\u00ed, dicha aprobaci\u00f3n, se suma a las dos ya existentes: la transferencia internacional de menores, y la primera inscripci\u00f3n de cualquier jugador no nacido en la asociaci\u00f3n donde se pretenda \u00e9sta.<\/p>\n<p style=\"text-align: justify;\">Se acomoda pues la <strong>normativa FIFA<\/strong>, tanto a la doctrina de la propia subcomisi\u00f3n, como a la pr\u00e1ctica que se estaba llevando a cabo por parte de la asociaci\u00f3n rectora del f\u00fatbol a nivel mundial.<\/p>\n<p style=\"text-align: justify;\">La modificaci\u00f3n entr\u00f3\u00a0en vigor el pasado 1 de junio de 2.016.<\/p>\n<p style=\"text-align: justify;\"><strong>Javier P\u00e9rez Villa<\/strong>.<\/p>\n","protected":false},"excerpt":{"rendered":"<p>El pasado mes de marzo, el Comit\u00e9 Ejecutivo de FIFA, aprob\u00f3 la modificaci\u00f3n parcial del art\u00edculo 19, del Reglamento sobre el Estatuto y la Transferencia de Jugadores, relativo a la protecci\u00f3n de menores, de gran importancia, y especial relevancia en nuestro \u00e1mbito. As\u00ed se modifican&nbsp;<a class=\"read-more\" href=\"https:\/\/javierperezvilla.com\/?p=2765\">Leer m\u00e1s<\/a><\/p>\n","protected":false},"author":1,"featured_media":2771,"comment_status":"open","ping_status":"open","sticky":false,"template":"","format":"standard","meta":{"footnotes":""},"categories":[79],"tags":[26,12,83],"class_list":["post-2765","post","type-post","status-publish","format-standard","has-post-thumbnail","hentry","category-noticias-derecho-deportivo","tag-fifa","tag-futbol","tag-noticias-futbol"],"_links":{"self":[{"href":"https:\/\/javierperezvilla.com\/index.php?rest_route=\/wp\/v2\/posts\/2765","targetHints":{"allow":["GET"]}}],"collection":[{"href":"https:\/\/javierperezvilla.com\/index.php?rest_route=\/wp\/v2\/posts"}],"about":[{"href":"https:\/\/javierperezvilla.com\/index.php?rest_route=\/wp\/v2\/types\/post"}],"author":[{"embeddable":true,"href":"https:\/\/javierperezvilla.com\/index.php?rest_route=\/wp\/v2\/users\/1"}],"replies":[{"embeddable":true,"href":"https:\/\/javierperezvilla.com\/index.php?rest_route=%2Fwp%2Fv2%2Fcomments&post=2765"}],"version-history":[{"count":0,"href":"https:\/\/javierperezvilla.com\/index.php?rest_route=\/wp\/v2\/posts\/2765\/revisions"}],"wp:featuredmedia":[{"embeddable":true,"href":"https:\/\/javierperezvilla.com\/index.php?rest_route=\/wp\/v2\/media\/2771"}],"wp:attachment":[{"href":"https:\/\/javierperezvilla.com\/index.php?rest_route=%2Fwp%2Fv2%2Fmedia&parent=2765"}],"wp:term":[{"taxonomy":"category","embeddable":true,"href":"https:\/\/javierperezvilla.com\/index.php?rest_route=%2Fwp%2Fv2%2Fcategories&post=2765"},{"taxonomy":"post_tag","embeddable":true,"href":"https:\/\/javierperezvilla.com\/index.php?rest_route=%2Fwp%2Fv2%2Ftags&post=2765"}],"curies":[{"name":"wp","href":"https:\/\/api.w.org\/{rel}","templated":true}]}}