{"id":2818,"date":"2016-07-19T10:00:47","date_gmt":"2016-07-19T08:00:47","guid":{"rendered":"https:\/\/javierperezvilla.com\/?p=2818"},"modified":"2016-07-19T10:00:47","modified_gmt":"2016-07-19T08:00:47","slug":"el-ks-skenderbeu-pierde-el-recurso-presentado-ante-el-tas","status":"publish","type":"post","link":"https:\/\/javierperezvilla.com\/?p=2818","title":{"rendered":"El KS Skenderbeu pierde el recurso presentado ante el TAS"},"content":{"rendered":"<p style=\"text-align: justify;\">El\u00a0<strong>Klubi Sportiv Skenderbeu<\/strong> ha perdido el recurso presentado ante el <strong>TAS<\/strong> contra la decisi\u00f3n de UEFA que lo descalificaba para participar en la pr\u00f3xima UEFA Champions League.<\/p>\n<p style=\"text-align: justify;\">El club hab\u00eda sido suspendido tras estar siendo investigado en un caso de <strong>ama\u00f1o<\/strong>.\u00a0Finalmente,\u00a0el TAS ha dado la raz\u00f3n a UEFA, por lo que el Skenderbeu no participar\u00e1 en la pr\u00f3xima edici\u00f3n de la Liga de Campeones.<\/p>\n<p style=\"text-align: justify;\">Fuente: <strong>TAS<\/strong><\/p>\n<p>Javier P\u00e9rez Villa<\/p>\n","protected":false},"excerpt":{"rendered":"<p>El\u00a0Klubi Sportiv Skenderbeu ha perdido el recurso presentado ante el TAS contra la decisi\u00f3n de UEFA que lo descalificaba para participar en la pr\u00f3xima UEFA Champions League. El club hab\u00eda sido suspendido tras estar siendo investigado en un caso de ama\u00f1o.\u00a0Finalmente,\u00a0el TAS ha dado la&nbsp;<a class=\"read-more\" href=\"https:\/\/javierperezvilla.com\/?p=2818\">Leer m\u00e1s<\/a><\/p>\n","protected":false},"author":1,"featured_media":0,"comment_status":"open","ping_status":"open","sticky":false,"template":"","format":"standard","meta":{"footnotes":""},"categories":[79],"tags":[],"class_list":["post-2818","post","type-post","status-publish","format-standard","hentry","category-noticias-derecho-deportivo"],"_links":{"self":[{"href":"https:\/\/javierperezvilla.com\/index.php?rest_route=\/wp\/v2\/posts\/2818","targetHints":{"allow":["GET"]}}],"collection":[{"href":"https:\/\/javierperezvilla.com\/index.php?rest_route=\/wp\/v2\/posts"}],"about":[{"href":"https:\/\/javierperezvilla.com\/index.php?rest_route=\/wp\/v2\/types\/post"}],"author":[{"embeddable":true,"href":"https:\/\/javierperezvilla.com\/index.php?rest_route=\/wp\/v2\/users\/1"}],"replies":[{"embeddable":true,"href":"https:\/\/javierperezvilla.com\/index.php?rest_route=%2Fwp%2Fv2%2Fcomments&post=2818"}],"version-history":[{"count":0,"href":"https:\/\/javierperezvilla.com\/index.php?rest_route=\/wp\/v2\/posts\/2818\/revisions"}],"wp:attachment":[{"href":"https:\/\/javierperezvilla.com\/index.php?rest_route=%2Fwp%2Fv2%2Fmedia&parent=2818"}],"wp:term":[{"taxonomy":"category","embeddable":true,"href":"https:\/\/javierperezvilla.com\/index.php?rest_route=%2Fwp%2Fv2%2Fcategories&post=2818"},{"taxonomy":"post_tag","embeddable":true,"href":"https:\/\/javierperezvilla.com\/index.php?rest_route=%2Fwp%2Fv2%2Ftags&post=2818"}],"curies":[{"name":"wp","href":"https:\/\/api.w.org\/{rel}","templated":true}]}}