{"id":2823,"date":"2016-07-19T13:45:19","date_gmt":"2016-07-19T11:45:19","guid":{"rendered":"https:\/\/javierperezvilla.com\/?p=2823"},"modified":"2016-07-19T13:45:19","modified_gmt":"2016-07-19T11:45:19","slug":"convenio-de-colaboracion-entre-la-upc-y-el-csd","status":"publish","type":"post","link":"https:\/\/javierperezvilla.com\/?p=2823","title":{"rendered":"Convenio de colaboraci\u00f3n entre la UPC y el CSD"},"content":{"rendered":"<p style=\"text-align: justify;\">El <strong>Consejo Superior de Deportes<\/strong> y la <strong>Universidad Pontificia de Comillas<\/strong> de Madrid\u00a0suscribieron d\u00edas atr\u00e1s\u00a0un <strong>convenio<\/strong> de colaboraci\u00f3n mediante el cual pretenden potenciar la cooperaci\u00f3n entre ambas instituciones dentro del <strong>\u00e1mbito deportivo<\/strong>.<\/p>\n<p style=\"text-align: justify;\">Seg\u00fan anunciaron, se pondr\u00e1n en marcha\u00a0proyectos conjuntos de investigaci\u00f3n y de estudios sobre problemas sociales que afectan al \u00e1mbito\u00a0deportivo y la colaborar\u00e1n en\u00a0trabajos espec\u00edficos con otras instituciones.<\/p>\n<p style=\"text-align: justify;\">Otro de los objetivos de este acuerdo es establecer becas de formaci\u00f3n \u00a0para Deportistas de Alto Nivel y programas de pr\u00e1cticas para estudiantes en los distintos departamentos del Consejo Superior de Deportes.<\/p>\n<p>Fuente: <strong>Iusport<\/strong><\/p>\n<p>Javier P\u00e9rez Villa<\/p>\n","protected":false},"excerpt":{"rendered":"<p>El Consejo Superior de Deportes y la Universidad Pontificia de Comillas de Madrid\u00a0suscribieron d\u00edas atr\u00e1s\u00a0un convenio de colaboraci\u00f3n mediante el cual pretenden potenciar la cooperaci\u00f3n entre ambas instituciones dentro del \u00e1mbito deportivo. Seg\u00fan anunciaron, se pondr\u00e1n en marcha\u00a0proyectos conjuntos de investigaci\u00f3n y de estudios sobre&nbsp;<a class=\"read-more\" href=\"https:\/\/javierperezvilla.com\/?p=2823\">Leer m\u00e1s<\/a><\/p>\n","protected":false},"author":1,"featured_media":0,"comment_status":"open","ping_status":"open","sticky":false,"template":"","format":"standard","meta":{"footnotes":""},"categories":[79],"tags":[],"class_list":["post-2823","post","type-post","status-publish","format-standard","hentry","category-noticias-derecho-deportivo"],"_links":{"self":[{"href":"https:\/\/javierperezvilla.com\/index.php?rest_route=\/wp\/v2\/posts\/2823","targetHints":{"allow":["GET"]}}],"collection":[{"href":"https:\/\/javierperezvilla.com\/index.php?rest_route=\/wp\/v2\/posts"}],"about":[{"href":"https:\/\/javierperezvilla.com\/index.php?rest_route=\/wp\/v2\/types\/post"}],"author":[{"embeddable":true,"href":"https:\/\/javierperezvilla.com\/index.php?rest_route=\/wp\/v2\/users\/1"}],"replies":[{"embeddable":true,"href":"https:\/\/javierperezvilla.com\/index.php?rest_route=%2Fwp%2Fv2%2Fcomments&post=2823"}],"version-history":[{"count":0,"href":"https:\/\/javierperezvilla.com\/index.php?rest_route=\/wp\/v2\/posts\/2823\/revisions"}],"wp:attachment":[{"href":"https:\/\/javierperezvilla.com\/index.php?rest_route=%2Fwp%2Fv2%2Fmedia&parent=2823"}],"wp:term":[{"taxonomy":"category","embeddable":true,"href":"https:\/\/javierperezvilla.com\/index.php?rest_route=%2Fwp%2Fv2%2Fcategories&post=2823"},{"taxonomy":"post_tag","embeddable":true,"href":"https:\/\/javierperezvilla.com\/index.php?rest_route=%2Fwp%2Fv2%2Ftags&post=2823"}],"curies":[{"name":"wp","href":"https:\/\/api.w.org\/{rel}","templated":true}]}}