{"id":2829,"date":"2016-07-20T13:00:31","date_gmt":"2016-07-20T11:00:31","guid":{"rendered":"https:\/\/javierperezvilla.com\/?p=2829"},"modified":"2016-07-20T13:00:31","modified_gmt":"2016-07-20T11:00:31","slug":"4o-congreso-sobre-derecho-deportivo-aladde","status":"publish","type":"post","link":"https:\/\/javierperezvilla.com\/?p=2829","title":{"rendered":"4\u00ba Congreso sobre Derecho Deportivo ALADDE"},"content":{"rendered":"<p style=\"text-align:justify;\">La <strong>Asociaci\u00f3n Latinoamericana de Derecho Deportivo<\/strong> celebrar\u00e1 entre los d\u00edas 2\u00a0y 3\u00a0de septiembre su <strong>4\u00ba Congreso sobre Derecho Deportivo<\/strong> en la ciudad argentina de Rosario.<\/p>\n<p style=\"text-align:justify;\">El Congreso reunir\u00e1 a expertos en diferentes materias del <strong>derecho deportivo<\/strong>, quienes, a trav\u00e9s de ponencias y mesas redondas, tratar\u00e1n temas\u00a0tales como el dopaje, los derechos de imagen, arbitraje deportivo o los menores en el deporte, entre otros.<\/p>\n<p style=\"text-align:justify;\">Para m\u00e1s informaci\u00f3n puede seguirse el siguiente <strong><a href=\"http:\/\/www.iugr.edu.ar\/derechodeportivo\/index.html\">enlace<\/a><\/strong>.<\/p>\n<p style=\"text-align:justify;\">Fuente: <strong>ALADDE<\/strong><\/p>\n<p>Javier P\u00e9rez Villa<\/p>\n","protected":false},"excerpt":{"rendered":"<p>La Asociaci\u00f3n Latinoamericana de Derecho Deportivo celebrar\u00e1 entre los d\u00edas 2\u00a0y 3\u00a0de septiembre su 4\u00ba Congreso sobre Derecho Deportivo en la ciudad argentina de Rosario. El Congreso reunir\u00e1 a expertos en diferentes materias del derecho deportivo, quienes, a trav\u00e9s de ponencias y mesas redondas, tratar\u00e1n&nbsp;<a class=\"read-more\" href=\"https:\/\/javierperezvilla.com\/?p=2829\">Leer m\u00e1s<\/a><\/p>\n","protected":false},"author":1,"featured_media":2830,"comment_status":"open","ping_status":"open","sticky":false,"template":"","format":"image","meta":{"footnotes":""},"categories":[79],"tags":[67,3],"class_list":["post-2829","post","type-post","status-publish","format-image","has-post-thumbnail","hentry","category-noticias-derecho-deportivo","tag-congresos","tag-derecho-deportivo-2","post_format-post-format-image"],"_links":{"self":[{"href":"https:\/\/javierperezvilla.com\/index.php?rest_route=\/wp\/v2\/posts\/2829","targetHints":{"allow":["GET"]}}],"collection":[{"href":"https:\/\/javierperezvilla.com\/index.php?rest_route=\/wp\/v2\/posts"}],"about":[{"href":"https:\/\/javierperezvilla.com\/index.php?rest_route=\/wp\/v2\/types\/post"}],"author":[{"embeddable":true,"href":"https:\/\/javierperezvilla.com\/index.php?rest_route=\/wp\/v2\/users\/1"}],"replies":[{"embeddable":true,"href":"https:\/\/javierperezvilla.com\/index.php?rest_route=%2Fwp%2Fv2%2Fcomments&post=2829"}],"version-history":[{"count":0,"href":"https:\/\/javierperezvilla.com\/index.php?rest_route=\/wp\/v2\/posts\/2829\/revisions"}],"wp:featuredmedia":[{"embeddable":true,"href":"https:\/\/javierperezvilla.com\/index.php?rest_route=\/wp\/v2\/media\/2830"}],"wp:attachment":[{"href":"https:\/\/javierperezvilla.com\/index.php?rest_route=%2Fwp%2Fv2%2Fmedia&parent=2829"}],"wp:term":[{"taxonomy":"category","embeddable":true,"href":"https:\/\/javierperezvilla.com\/index.php?rest_route=%2Fwp%2Fv2%2Fcategories&post=2829"},{"taxonomy":"post_tag","embeddable":true,"href":"https:\/\/javierperezvilla.com\/index.php?rest_route=%2Fwp%2Fv2%2Ftags&post=2829"}],"curies":[{"name":"wp","href":"https:\/\/api.w.org\/{rel}","templated":true}]}}