{"id":336,"date":"2014-09-19T09:14:32","date_gmt":"2014-09-19T09:14:32","guid":{"rendered":"http:\/\/lossitiosabogados.com\/blog\/?p=336"},"modified":"2014-09-19T09:14:32","modified_gmt":"2014-09-19T09:14:32","slug":"el-concurso-de-acreedores-probable-solucion-para-osasuna","status":"publish","type":"post","link":"https:\/\/javierperezvilla.com\/?p=336","title":{"rendered":"El concurso de acreedores, probable soluci\u00f3n para el Osasuna"},"content":{"rendered":"<p style=\"text-align:justify;\">En una rueda de prensa convocada el d\u00eda 12 de septiembre por el club navarro, el presidente de su junta gestora Javier Zabaleta no\u00a0descart\u00f3\u00a0la declaraci\u00f3n de\u00a0un <strong>concurso de acreedores<\/strong> para salvar el club. Tambi\u00e9n declar\u00f3 que para que el Osasuna\u00a0pueda seguir jugando en segunda divisi\u00f3n, los socios deber\u00e1n aprobar las cuentas de la temporada anterior.<\/p>\n<p><a href=\"http:\/\/lossitiosabogados.com\/blog\/wp-content\/uploads\/2014\/09\/asamblea.jpg\"><img loading=\"lazy\" decoding=\"async\" class=\"aligncenter wp-image-343 size-medium\" src=\"http:\/\/lossitiosabogados.com\/blog\/wp-content\/uploads\/2014\/09\/asamblea-300x199.jpg\" alt=\"concurso de acreedores\" width=\"300\" height=\"199\" \/><\/a><\/p>\n<p style=\"text-align:justify;\">El presupuesto que han presentado para este a\u00f1o es\u00a0de 12 millones. Esta cifra\u00a0ha resultado ser mayor de lo que se esperaba, debido a que el club arrastra p\u00e9rdidas\u00a0de la temporada pasada y a las amortizaciones de traspasos anteriores.\u00a0Adem\u00e1s hay que sumar\u00a0el aumento del coste de la plantilla,\u00a0por lo que la situaci\u00f3n econ\u00f3mica en la que se encuentra el Osasuna es delicada, y seg\u00fan la junta gestora la mejor soluci\u00f3n es que un auditor se encargue de trasladar las cuentas.<\/p>\n<p style=\"text-align:justify;\">Javier Zabaleta tambi\u00e9n coment\u00f3 , que esperaban que en la asamblea de socios que se iba a celebrar el d\u00eda 15 de septiembre se aprobasen las cuentas del ejercicio anterior. Aunque la actual gestora reconoce que ellos no pueden hacerse responsables de las\u00a0cuentas que dej\u00f3 la anterior directiva del club, conforme a <strong>derecho<\/strong>, s\u00ed que tienen la obligaci\u00f3n legal de aprobarlas, y en octubre volver\u00e1n a presentar una auditoria para ver el estado actual de las mismas. Desde la llegada de la junta gestora, el objetivo <strong>deportivo<\/strong> que se marc\u00f3 fue la permanencia de Osasuna en segunda divisi\u00f3n, para lo que necesitan cumplir unos requisitos econ\u00f3micos, que seg\u00fan han declarado, en estos momentos se cumplir\u00edan, por lo que el club podr\u00eda permanecer en segunda divisi\u00f3n.<\/p>\n<p>&nbsp;<\/p>\n<p>Sonia S\u00e1nchez Aramburo<\/p>\n","protected":false},"excerpt":{"rendered":"<p>En una rueda de prensa convocada el d\u00eda 12 de septiembre por el club navarro, el presidente de su junta gestora Javier Zabaleta no\u00a0descart\u00f3\u00a0la declaraci\u00f3n de\u00a0un concurso de acreedores para salvar el club. Tambi\u00e9n declar\u00f3 que para que el Osasuna\u00a0pueda seguir jugando en segunda divisi\u00f3n,&nbsp;<a class=\"read-more\" href=\"https:\/\/javierperezvilla.com\/?p=336\">Leer m\u00e1s<\/a><\/p>\n","protected":false},"author":1,"featured_media":0,"comment_status":"open","ping_status":"open","sticky":false,"template":"","format":"standard","meta":{"footnotes":""},"categories":[79],"tags":[8,3,7],"class_list":["post-336","post","type-post","status-publish","format-standard","hentry","category-noticias-derecho-deportivo","tag-concurso-de-acreedores","tag-derecho-deportivo-2","tag-noticias-2"],"_links":{"self":[{"href":"https:\/\/javierperezvilla.com\/index.php?rest_route=\/wp\/v2\/posts\/336","targetHints":{"allow":["GET"]}}],"collection":[{"href":"https:\/\/javierperezvilla.com\/index.php?rest_route=\/wp\/v2\/posts"}],"about":[{"href":"https:\/\/javierperezvilla.com\/index.php?rest_route=\/wp\/v2\/types\/post"}],"author":[{"embeddable":true,"href":"https:\/\/javierperezvilla.com\/index.php?rest_route=\/wp\/v2\/users\/1"}],"replies":[{"embeddable":true,"href":"https:\/\/javierperezvilla.com\/index.php?rest_route=%2Fwp%2Fv2%2Fcomments&post=336"}],"version-history":[{"count":0,"href":"https:\/\/javierperezvilla.com\/index.php?rest_route=\/wp\/v2\/posts\/336\/revisions"}],"wp:attachment":[{"href":"https:\/\/javierperezvilla.com\/index.php?rest_route=%2Fwp%2Fv2%2Fmedia&parent=336"}],"wp:term":[{"taxonomy":"category","embeddable":true,"href":"https:\/\/javierperezvilla.com\/index.php?rest_route=%2Fwp%2Fv2%2Fcategories&post=336"},{"taxonomy":"post_tag","embeddable":true,"href":"https:\/\/javierperezvilla.com\/index.php?rest_route=%2Fwp%2Fv2%2Ftags&post=336"}],"curies":[{"name":"wp","href":"https:\/\/api.w.org\/{rel}","templated":true}]}}