{"id":3440,"date":"2016-12-21T09:30:20","date_gmt":"2016-12-21T08:30:20","guid":{"rendered":"http:\/\/www.lawyersportslaw.com\/?p=3440"},"modified":"2016-12-21T09:30:20","modified_gmt":"2016-12-21T08:30:20","slug":"la-fa-teme-las-consecuencias-del-brexit","status":"publish","type":"post","link":"https:\/\/javierperezvilla.com\/?p=3440","title":{"rendered":"La FA teme las consecuencias del Brexit"},"content":{"rendered":"<p style=\"text-align: justify;\">Varios meses despu\u00e9s de que los brit\u00e1nicos decidiesen sobre su futuro en Europa, la Asociaci\u00f3n de F\u00fatbol Ingl\u00e9s (<strong>FA<\/strong>) sigue mostrando su inquietud sobre c\u00f3mo la salida del Reino Unido de Europa afectar\u00eda a las competiciones internacionales de FIFA y UEFA.<span id=\"more-94855\"><\/span><\/p>\n<p style=\"text-align: justify;\">El presidente de la \u00a0<strong>FA<\/strong> teme que con la salida del Reino Unido, se\u00a0vean afectadas sus relaciones con UEFA y FIFA a la hora de acoger futuras competiciones.\u00a0Consideran que podr\u00edan tener menor\u00a0apoyo\u00a0a la hora de acoger torneos,\u00a0en favor de otros pa\u00edses pertenecientes a la uni\u00f3n a la hora de recibir votos.<\/p>\n<p style=\"text-align: justify;\">Por tanto, su presidente considera que es momento de comenzar a trabajar para\u00a0\u00a0entablar relaciones directas con FIFA y UEFA, y tener as\u00ed que\u00a0depender directamente del apoyo de otros pa\u00edses europeos<\/p>\n<p style=\"text-align: justify;\">Fuente: <strong>Inside World Football<\/strong><\/p>\n<p style=\"text-align: justify;\">Javier P\u00e9rez Villa<\/p>\n<p>&nbsp;<\/p>\n","protected":false},"excerpt":{"rendered":"<p>Varios meses despu\u00e9s de que los brit\u00e1nicos decidiesen sobre su futuro en Europa, la Asociaci\u00f3n de F\u00fatbol Ingl\u00e9s (FA) sigue mostrando su inquietud sobre c\u00f3mo la salida del Reino Unido de Europa afectar\u00eda a las competiciones internacionales de FIFA y UEFA. El presidente de la&nbsp;<a class=\"read-more\" href=\"https:\/\/javierperezvilla.com\/?p=3440\">Leer m\u00e1s<\/a><\/p>\n","protected":false},"author":1,"featured_media":0,"comment_status":"open","ping_status":"open","sticky":false,"template":"","format":"standard","meta":{"footnotes":""},"categories":[79],"tags":[],"class_list":["post-3440","post","type-post","status-publish","format-standard","hentry","category-noticias-derecho-deportivo"],"_links":{"self":[{"href":"https:\/\/javierperezvilla.com\/index.php?rest_route=\/wp\/v2\/posts\/3440","targetHints":{"allow":["GET"]}}],"collection":[{"href":"https:\/\/javierperezvilla.com\/index.php?rest_route=\/wp\/v2\/posts"}],"about":[{"href":"https:\/\/javierperezvilla.com\/index.php?rest_route=\/wp\/v2\/types\/post"}],"author":[{"embeddable":true,"href":"https:\/\/javierperezvilla.com\/index.php?rest_route=\/wp\/v2\/users\/1"}],"replies":[{"embeddable":true,"href":"https:\/\/javierperezvilla.com\/index.php?rest_route=%2Fwp%2Fv2%2Fcomments&post=3440"}],"version-history":[{"count":0,"href":"https:\/\/javierperezvilla.com\/index.php?rest_route=\/wp\/v2\/posts\/3440\/revisions"}],"wp:attachment":[{"href":"https:\/\/javierperezvilla.com\/index.php?rest_route=%2Fwp%2Fv2%2Fmedia&parent=3440"}],"wp:term":[{"taxonomy":"category","embeddable":true,"href":"https:\/\/javierperezvilla.com\/index.php?rest_route=%2Fwp%2Fv2%2Fcategories&post=3440"},{"taxonomy":"post_tag","embeddable":true,"href":"https:\/\/javierperezvilla.com\/index.php?rest_route=%2Fwp%2Fv2%2Ftags&post=3440"}],"curies":[{"name":"wp","href":"https:\/\/api.w.org\/{rel}","templated":true}]}}