{"id":3538,"date":"2016-12-19T09:30:53","date_gmt":"2016-12-19T08:30:53","guid":{"rendered":"http:\/\/www.lawyersportslaw.com\/?p=3538"},"modified":"2016-12-19T09:30:53","modified_gmt":"2016-12-19T08:30:53","slug":"firmado-iii-convenio-colectivo-futbol-sala","status":"publish","type":"post","link":"https:\/\/javierperezvilla.com\/?p=3538","title":{"rendered":"Firmado el III Convenio Colectivo de F\u00fatbol Sala"},"content":{"rendered":"<p style=\"text-align: justify;\">Tras dos a\u00f1os de negociaciones y varias complicaciones, finalmente se firm\u00f3 el <strong>III Convenio Colectivo de F\u00fatbol Sala<\/strong> el pasado\u00a021 de septiembre en la Sala de lo Social de la Audiencia Nacional.<\/p>\n<p style=\"text-align: justify;\">Durante el\u00a0proceso de\u00a0negociaci\u00f3n, en el que se dieron\u00a0desde\u00a0convocatorias de huelga, denuncias y mediaci\u00f3n, finalmente se lleg\u00f3 a\u00a0un acuerdo que va a permitir la promoci\u00f3n y el crecimiento del f\u00fatbol sala en nuestro pa\u00eds.<\/p>\n<p style=\"text-align: justify;\">En este\u00a0nuevo <strong>convenio<\/strong> destacan las relaciones laborales entre jugadores y clubes, un punto importante ya que aporta seguridad a los primeros, mediante el establecimiento de un salario m\u00ednimo interprofesional. En cuanto a los clubes, a fin de\u00a0potenciar la transparencia, se establece la obligaci\u00f3n de\u00a0presentar el contrato laboral y federativo;\u00a0el incumplimiento de este requisito conllevar\u00e1 la p\u00e9rdida de sus derechos federativos y la apertura de un expediente sancionador.<\/p>\n<p style=\"text-align: justify;\">En cuanto al\u00a0apartado de comisiones del <strong>convenio<\/strong>, se\u00a0ha establecido tambi\u00e9n una comisi\u00f3n mixta, con dos representantes de la Asociaci\u00f3n de Jugadores de <strong>F\u00fatbol Sala<\/strong>, dos de la Liga Nacional de F\u00fatbol Sala y uno de la Real Federaci\u00f3n Espa\u00f1ola de F\u00fatbol-Confederaci\u00f3n Nacional de F\u00fatbol Sala, que tendr\u00e1n derecho a voz pero no a\u00a0voto.<\/p>\n<p style=\"text-align: justify;\">Fuente: <strong>Iusport<\/strong><\/p>\n<p style=\"text-align: justify;\">Javier P\u00e9rez Villa<\/p>\n<p>&nbsp;<\/p>\n","protected":false},"excerpt":{"rendered":"<p>Tras dos a\u00f1os de negociaciones y varias complicaciones, finalmente se firm\u00f3 el III Convenio Colectivo de F\u00fatbol Sala el pasado\u00a021 de septiembre en la Sala de lo Social de la Audiencia Nacional. Durante el\u00a0proceso de\u00a0negociaci\u00f3n, en el que se dieron\u00a0desde\u00a0convocatorias de huelga, denuncias y mediaci\u00f3n,&nbsp;<a class=\"read-more\" href=\"https:\/\/javierperezvilla.com\/?p=3538\">Leer m\u00e1s<\/a><\/p>\n","protected":false},"author":1,"featured_media":0,"comment_status":"open","ping_status":"open","sticky":false,"template":"","format":"standard","meta":{"footnotes":""},"categories":[79],"tags":[],"class_list":["post-3538","post","type-post","status-publish","format-standard","hentry","category-noticias-derecho-deportivo"],"_links":{"self":[{"href":"https:\/\/javierperezvilla.com\/index.php?rest_route=\/wp\/v2\/posts\/3538","targetHints":{"allow":["GET"]}}],"collection":[{"href":"https:\/\/javierperezvilla.com\/index.php?rest_route=\/wp\/v2\/posts"}],"about":[{"href":"https:\/\/javierperezvilla.com\/index.php?rest_route=\/wp\/v2\/types\/post"}],"author":[{"embeddable":true,"href":"https:\/\/javierperezvilla.com\/index.php?rest_route=\/wp\/v2\/users\/1"}],"replies":[{"embeddable":true,"href":"https:\/\/javierperezvilla.com\/index.php?rest_route=%2Fwp%2Fv2%2Fcomments&post=3538"}],"version-history":[{"count":0,"href":"https:\/\/javierperezvilla.com\/index.php?rest_route=\/wp\/v2\/posts\/3538\/revisions"}],"wp:attachment":[{"href":"https:\/\/javierperezvilla.com\/index.php?rest_route=%2Fwp%2Fv2%2Fmedia&parent=3538"}],"wp:term":[{"taxonomy":"category","embeddable":true,"href":"https:\/\/javierperezvilla.com\/index.php?rest_route=%2Fwp%2Fv2%2Fcategories&post=3538"},{"taxonomy":"post_tag","embeddable":true,"href":"https:\/\/javierperezvilla.com\/index.php?rest_route=%2Fwp%2Fv2%2Ftags&post=3538"}],"curies":[{"name":"wp","href":"https:\/\/api.w.org\/{rel}","templated":true}]}}