{"id":3566,"date":"2016-11-18T09:30:33","date_gmt":"2016-11-18T08:30:33","guid":{"rendered":"http:\/\/www.lawyersportslaw.com\/?p=3566"},"modified":"2016-11-18T09:30:33","modified_gmt":"2016-11-18T08:30:33","slug":"fifa-amplia-ambito-sancion-oficiales","status":"publish","type":"post","link":"https:\/\/javierperezvilla.com\/?p=3566","title":{"rendered":"FIFA amplia el \u00e1mbito de sanci\u00f3n a cuatro oficiales"},"content":{"rendered":"<p style=\"text-align: justify;\">Los cuatro oficiales de la Confederaci\u00f3n Asi\u00e1tica de F\u00fatbol que fueron sancionados el pasado 30 de junio por la <strong>Comisi\u00f3n Disciplinaria de la Confederaci\u00f3n Asi\u00e1tica de F\u00fatbol<\/strong>, han visto ampliada dicha <strong>sanci\u00f3n<\/strong> al \u00e1mbito mundial.<\/p>\n<p style=\"text-align: justify;\">As\u00ed lo ha decidido FIFA, por lo que tres oficiales pertenecientes a la AFC y un cuarto de la Confederaci\u00f3n Africana de F\u00fatbol, que\u00a0quedaron inhabilitados, no podr\u00e1n ejercer ning\u00fan tipo de actividad relacionada con el f\u00fatbol a escala mundial. La decisi\u00f3n tomada por la <strong>Comisi\u00f3n Disciplinaria de FIFA<\/strong> se basa en los art\u00edculos 78, 1) y 136 de su C\u00f3digo Disciplinario.<\/p>\n<p style=\"text-align: justify;\">Fuente:<strong> Iusport<\/strong><\/p>\n<p style=\"text-align: justify;\">Javier P\u00e9rez Villa<\/p>\n","protected":false},"excerpt":{"rendered":"<p>Los cuatro oficiales de la Confederaci\u00f3n Asi\u00e1tica de F\u00fatbol que fueron sancionados el pasado 30 de junio por la Comisi\u00f3n Disciplinaria de la Confederaci\u00f3n Asi\u00e1tica de F\u00fatbol, han visto ampliada dicha sanci\u00f3n al \u00e1mbito mundial. As\u00ed lo ha decidido FIFA, por lo que tres oficiales&nbsp;<a class=\"read-more\" href=\"https:\/\/javierperezvilla.com\/?p=3566\">Leer m\u00e1s<\/a><\/p>\n","protected":false},"author":1,"featured_media":0,"comment_status":"open","ping_status":"open","sticky":false,"template":"","format":"standard","meta":{"footnotes":""},"categories":[79],"tags":[],"class_list":["post-3566","post","type-post","status-publish","format-standard","hentry","category-noticias-derecho-deportivo"],"_links":{"self":[{"href":"https:\/\/javierperezvilla.com\/index.php?rest_route=\/wp\/v2\/posts\/3566","targetHints":{"allow":["GET"]}}],"collection":[{"href":"https:\/\/javierperezvilla.com\/index.php?rest_route=\/wp\/v2\/posts"}],"about":[{"href":"https:\/\/javierperezvilla.com\/index.php?rest_route=\/wp\/v2\/types\/post"}],"author":[{"embeddable":true,"href":"https:\/\/javierperezvilla.com\/index.php?rest_route=\/wp\/v2\/users\/1"}],"replies":[{"embeddable":true,"href":"https:\/\/javierperezvilla.com\/index.php?rest_route=%2Fwp%2Fv2%2Fcomments&post=3566"}],"version-history":[{"count":0,"href":"https:\/\/javierperezvilla.com\/index.php?rest_route=\/wp\/v2\/posts\/3566\/revisions"}],"wp:attachment":[{"href":"https:\/\/javierperezvilla.com\/index.php?rest_route=%2Fwp%2Fv2%2Fmedia&parent=3566"}],"wp:term":[{"taxonomy":"category","embeddable":true,"href":"https:\/\/javierperezvilla.com\/index.php?rest_route=%2Fwp%2Fv2%2Fcategories&post=3566"},{"taxonomy":"post_tag","embeddable":true,"href":"https:\/\/javierperezvilla.com\/index.php?rest_route=%2Fwp%2Fv2%2Ftags&post=3566"}],"curies":[{"name":"wp","href":"https:\/\/api.w.org\/{rel}","templated":true}]}}