{"id":3675,"date":"2016-10-28T09:30:12","date_gmt":"2016-10-28T07:30:12","guid":{"rendered":"http:\/\/www.lawyersportslaw.com\/?p=3675"},"modified":"2016-10-28T09:30:12","modified_gmt":"2016-10-28T07:30:12","slug":"los-extranjeros-residentes-espana-podran-competir-los-torneos-espanoles-taekwondo","status":"publish","type":"post","link":"https:\/\/javierperezvilla.com\/?p=3675","title":{"rendered":"Los extranjeros residentes en Espa\u00f1a podr\u00e1n competir en los torneos espa\u00f1oles de Taekwondo"},"content":{"rendered":"<p style=\"text-align: justify;\">El Tribunal Supremo ha rechazado la decisi\u00f3n de la <strong>Federaci\u00f3n Espa\u00f1ola de Taekwondo<\/strong> de excluir a competidores extranjeros residentes en Espa\u00f1a de los Campeonatos nacionales absoluto, sub-21, j\u00fanior y cadete, al considerar que no es legal, en el\u00a0caso de competidores de otros pa\u00edses de la Uni\u00f3n Europea.<\/p>\n<p style=\"text-align: justify;\">Esta <strong>sentencia<\/strong>, que confirma\u00a0la ya emitida en su d\u00eda por la Audiencia Nacional, que anulaba la autorizaci\u00f3n concedida por el CSD a la FET para <strong>excluir\u00a0a los extranjeros del campeonato de Espa\u00f1a<\/strong> en respuesta a un recurso presentado por un deportista franc\u00e9s residente en Espa\u00f1a y que hab\u00eda quedado excluido de la competici\u00f3n. Tras la sentencia, la Administraci\u00f3n del Estado present\u00f3 un recurso de casaci\u00f3n ante el TS, que ha\u00a0considerado finalmente que dicho recurso no plantear\u00eda qu\u00e9 precepto procesal habr\u00eda infringido el fallo de la Audiencia Nacional. Para ello se\u00a0remite a la jurisprudencia del Tribunal de Justicia de la Uni\u00f3n Europea, seg\u00fan la cual <strong>la restricci\u00f3n de participaci\u00f3n de extranjeros debe estar justificada<\/strong>.<\/p>\n<p style=\"text-align: justify;\">Se abre as\u00ed\u00a0la puerta para que los ciudadanos europeos que residan en Espa\u00f1a puedan participar en los campeonatos de este pa\u00eds.<\/p>\n<p style=\"text-align: justify;\">Fuente: <strong>Expansi\u00f3n<\/strong>.<\/p>\n<p style=\"text-align: justify;\">Javier P\u00e9rez Villa<\/p>\n<p>&nbsp;<\/p>\n","protected":false},"excerpt":{"rendered":"<p>El Tribunal Supremo ha rechazado la decisi\u00f3n de la Federaci\u00f3n Espa\u00f1ola de Taekwondo de excluir a competidores extranjeros residentes en Espa\u00f1a de los Campeonatos nacionales absoluto, sub-21, j\u00fanior y cadete, al considerar que no es legal, en el\u00a0caso de competidores de otros pa\u00edses de la&nbsp;<a class=\"read-more\" href=\"https:\/\/javierperezvilla.com\/?p=3675\">Leer m\u00e1s<\/a><\/p>\n","protected":false},"author":1,"featured_media":5013,"comment_status":"open","ping_status":"open","sticky":false,"template":"","format":"standard","meta":{"footnotes":""},"categories":[79],"tags":[],"class_list":["post-3675","post","type-post","status-publish","format-standard","has-post-thumbnail","hentry","category-noticias-derecho-deportivo"],"_links":{"self":[{"href":"https:\/\/javierperezvilla.com\/index.php?rest_route=\/wp\/v2\/posts\/3675","targetHints":{"allow":["GET"]}}],"collection":[{"href":"https:\/\/javierperezvilla.com\/index.php?rest_route=\/wp\/v2\/posts"}],"about":[{"href":"https:\/\/javierperezvilla.com\/index.php?rest_route=\/wp\/v2\/types\/post"}],"author":[{"embeddable":true,"href":"https:\/\/javierperezvilla.com\/index.php?rest_route=\/wp\/v2\/users\/1"}],"replies":[{"embeddable":true,"href":"https:\/\/javierperezvilla.com\/index.php?rest_route=%2Fwp%2Fv2%2Fcomments&post=3675"}],"version-history":[{"count":0,"href":"https:\/\/javierperezvilla.com\/index.php?rest_route=\/wp\/v2\/posts\/3675\/revisions"}],"wp:featuredmedia":[{"embeddable":true,"href":"https:\/\/javierperezvilla.com\/index.php?rest_route=\/wp\/v2\/media\/5013"}],"wp:attachment":[{"href":"https:\/\/javierperezvilla.com\/index.php?rest_route=%2Fwp%2Fv2%2Fmedia&parent=3675"}],"wp:term":[{"taxonomy":"category","embeddable":true,"href":"https:\/\/javierperezvilla.com\/index.php?rest_route=%2Fwp%2Fv2%2Fcategories&post=3675"},{"taxonomy":"post_tag","embeddable":true,"href":"https:\/\/javierperezvilla.com\/index.php?rest_route=%2Fwp%2Fv2%2Ftags&post=3675"}],"curies":[{"name":"wp","href":"https:\/\/api.w.org\/{rel}","templated":true}]}}