{"id":403,"date":"2014-10-03T08:28:48","date_gmt":"2014-10-03T08:28:48","guid":{"rendered":"http:\/\/lossitiosabogados.com\/blog\/?p=403"},"modified":"2014-10-03T08:28:48","modified_gmt":"2014-10-03T08:28:48","slug":"el-fin-de-los-beneficios-fiscales-los-deportistas-profesionales-extranjeros-en-espana","status":"publish","type":"post","link":"https:\/\/javierperezvilla.com\/?p=403","title":{"rendered":"\u00bfEL FIN DE LOS BENEFICIOS FISCALES DE LOS DEPORTISTAS PROFESIONALES EXTRANJEROS EN ESPA\u00d1A?"},"content":{"rendered":"<p style=\"text-align:justify;\">Efectivamente, el Gobierno de Espa\u00f1a, da una nueva vuelta de tuerca, al r\u00e9gimen especial aplicable a los trabajadores desplazados a territorio espa\u00f1ol. \u00bfHa llegado el fin de beneficios fiscales para los deportistas profesionales extranjeros en Espa\u00f1a?<\/p>\n<p style=\"text-align:justify;\">Como cada a\u00f1o por estas fechas, se preparan nuevas reformas en los distintos impuestos, para el ejercicio de 2.015, \u00e9ste a\u00f1o fundamentalmente por partida triple, pues se modifican, entre otros, los impuestos sobre Sociedades, el IVA, y el IRPF\/IRNR, mediante tres proyectos de ley, cuya tramitaci\u00f3n parlamentaria ya ha comenzado.<\/p>\n<p style=\"text-align:justify;\">En el presente post, har\u00e9 referencia \u00fanicamente a una de las medidas que se pretenden implantar, y en concreto a la nueva <strong>reforma,<\/strong> que se realiza al <strong>r\u00e9gimen especial de impatriados,<\/strong> es decir, el de aquellos trabajadores extranjeros que vienen a prestar servicios a nuestro pa\u00eds.<\/p>\n<p style=\"text-align:justify;\">El r\u00e9gimen especial, cuyo origen fue el atraer talento a Espa\u00f1a, permitiendo que un trabajador altamente cualificado, desplazado a Espa\u00f1a para trabajar, tributase mucho menos que en su pa\u00eds de origen (un 24%), y desde luego mucho menos que un trabajador espa\u00f1ol de su misma cualificaci\u00f3n, pese a no haber logrado su objetivo inicial, si ha permitido desde 2.005, que numerosos deportistas de \u00e9lite, fundamentalmente futbolistas, atra\u00eddos por las ventajas fiscales, recalasen en nuestro pa\u00eds. Uno de ellos, el futbolista ingl\u00e9s David Beckham, incluso renombr\u00f3 a la ley, m\u00e1s conocida a partir de su fichaje por el Real Madrid, F.C., como <strong>\u201cLey Beckham\u201d.<\/strong><\/p>\n<p style=\"text-align:justify;\"><a href=\"http:\/\/lossitiosabogados.com\/blog\/wp-content\/uploads\/2014\/10\/lossitiosabogados-dudas-legal-fiscal.jpg\"><img loading=\"lazy\" decoding=\"async\" class=\"aligncenter size-medium wp-image-406\" src=\"http:\/\/lossitiosabogados.com\/blog\/wp-content\/uploads\/2014\/10\/lossitiosabogados-dudas-legal-fiscal-300x283.jpg\" alt=\"Obligations Thinker Thought Clouds Fiscal Financial Legal Duties\" width=\"300\" height=\"283\" \/><\/a><\/p>\n<p style=\"text-align:justify;\">El citado r\u00e9gimen que ha sufrido importantes reformas desde entonces. La principal, el l\u00edmite establecido de 600.000 euros para poder acogerse al citado r\u00e9gimen espacial, que ahora desaparece, tributando el trabajador hasta los 600.000 euros a un tipo de un 24%, y por la cuantidad que rebase dicha cuant\u00eda, el 45%.<\/p>\n<p style=\"text-align:justify;\">Sin embargo la gran novedad, es que para el 2.015, <strong>el r\u00e9gimen no ser\u00e1 aplicable a los deportistas profesionales<\/strong>, entendiendo como tales aquellos a los que les resulta de aplicaci\u00f3n, el Real Decreto 1006\/1985.\u00a0 La norma parece querer corregir, la desigualdad que se produc\u00eda hasta la fecha, ya que entre dos deportistas\/trabajadores, con el mismo salario la factura fiscal podr\u00eda ser de un 24% para uno, y superior al 45% para el otro.<\/p>\n<p style=\"text-align:justify;\">\u00bfServir\u00e1 dicha modificaci\u00f3n para atraer otro tipo de talento?. Entiendo que la medida deber\u00e1 ir acompa\u00f1ada de otras, y no necesariamente de tipo fiscal, si se quiere tener \u00e9xito ahora, donde no se tuvo antes.<\/p>\n<p style=\"text-align:justify;\">\u00bfDisminuir\u00e1 el n\u00famero de deportistas profesionales extranjeros que vengan a Espa\u00f1a?. Posiblemente si, o cuando menos, habr\u00e1 que replantearse el asunto de los topes salariales en el deporte profesional. Alerta, pues para los Clubes espa\u00f1oles, y para los deportistas profesionales extranjeros.<\/p>\n<p style=\"text-align:justify;\"><strong>Javier P\u00e9rez Villa.<\/strong><\/p>\n","protected":false},"excerpt":{"rendered":"<p>Efectivamente, el Gobierno de Espa\u00f1a, da una nueva vuelta de tuerca, al r\u00e9gimen especial aplicable a los trabajadores desplazados a territorio espa\u00f1ol. \u00bfHa llegado el fin de beneficios fiscales para los deportistas profesionales extranjeros en Espa\u00f1a? Como cada a\u00f1o por estas fechas, se preparan nuevas&nbsp;<a class=\"read-more\" href=\"https:\/\/javierperezvilla.com\/?p=403\">Leer m\u00e1s<\/a><\/p>\n","protected":false},"author":1,"featured_media":0,"comment_status":"open","ping_status":"open","sticky":false,"template":"","format":"standard","meta":{"footnotes":""},"categories":[79],"tags":[11,3,7,23],"class_list":["post-403","post","type-post","status-publish","format-standard","hentry","category-noticias-derecho-deportivo","tag-derecho-del-futbol","tag-derecho-deportivo-2","tag-noticias-2","tag-tributacion"],"_links":{"self":[{"href":"https:\/\/javierperezvilla.com\/index.php?rest_route=\/wp\/v2\/posts\/403","targetHints":{"allow":["GET"]}}],"collection":[{"href":"https:\/\/javierperezvilla.com\/index.php?rest_route=\/wp\/v2\/posts"}],"about":[{"href":"https:\/\/javierperezvilla.com\/index.php?rest_route=\/wp\/v2\/types\/post"}],"author":[{"embeddable":true,"href":"https:\/\/javierperezvilla.com\/index.php?rest_route=\/wp\/v2\/users\/1"}],"replies":[{"embeddable":true,"href":"https:\/\/javierperezvilla.com\/index.php?rest_route=%2Fwp%2Fv2%2Fcomments&post=403"}],"version-history":[{"count":0,"href":"https:\/\/javierperezvilla.com\/index.php?rest_route=\/wp\/v2\/posts\/403\/revisions"}],"wp:attachment":[{"href":"https:\/\/javierperezvilla.com\/index.php?rest_route=%2Fwp%2Fv2%2Fmedia&parent=403"}],"wp:term":[{"taxonomy":"category","embeddable":true,"href":"https:\/\/javierperezvilla.com\/index.php?rest_route=%2Fwp%2Fv2%2Fcategories&post=403"},{"taxonomy":"post_tag","embeddable":true,"href":"https:\/\/javierperezvilla.com\/index.php?rest_route=%2Fwp%2Fv2%2Ftags&post=403"}],"curies":[{"name":"wp","href":"https:\/\/api.w.org\/{rel}","templated":true}]}}