{"id":422,"date":"2014-10-20T12:48:32","date_gmt":"2014-10-20T10:48:32","guid":{"rendered":"http:\/\/lossitiosabogados.com\/blog\/?p=422"},"modified":"2014-10-20T12:48:32","modified_gmt":"2014-10-20T10:48:32","slug":"el-concurso-de-acreedores-del-cadiz-un-poco-mas-cerca-del-final","status":"publish","type":"post","link":"https:\/\/javierperezvilla.com\/?p=422","title":{"rendered":"El concurso de acreedores del C\u00e1diz, un poco m\u00e1s cerca del final"},"content":{"rendered":"<p style=\"text-align:justify;\">El final del <strong>concurso de acreedores<\/strong> en el que lleva inmerso el C\u00e1diz desde hace cuatro a\u00f1os parece estar un poco m\u00e1s cerca. Hace unos d\u00edas, el Juzgado de lo Mercantil de C\u00e1diz dictamin\u00f3 la finalizaci\u00f3n de la fase com\u00fan del <strong>concurso de acreedores, en el que se encuantra inmerso el Club\u00a0<\/strong>. El paso siguiente\u00a0que tendr\u00edan que dar ser\u00eda firmar el acuerdo de convenio al que el club ha llegado con sus <strong>acreedores<\/strong>.<\/p>\n<p style=\"text-align:justify;\"><a href=\"http:\/\/lossitiosabogados.com\/blog\/wp-content\/uploads\/2014\/10\/cadiz.jpeg\"><img loading=\"lazy\" decoding=\"async\" class=\"aligncenter wp-image-429 size-medium\" title=\"concurso acreedores cadiz\" src=\"http:\/\/lossitiosabogados.com\/blog\/wp-content\/uploads\/2014\/10\/cadiz-214x300.jpeg\" alt=\"concurso acreedores cadiz\" width=\"214\" height=\"300\" \/><\/a>Este resultado satisfactorio se debe a\u00a0las negociaciones que ha llevado a cabo el presidente del club, Manolo Vizca\u00edno, ayudado de sus asesores y abogados, que han logrado rebajar la deuda que ten\u00eda el C\u00e1diz cuando se declar\u00f3 el <strong>concurso de acreedores<\/strong> en un 30%, pasando de 13,5 a 10 millones de euros. Esta rebaja permitir\u00e1 al club poder hacerla frente durante los pr\u00f3ximos siete a\u00f1os.<\/p>\n<p style=\"text-align:justify;\">Con la aprobaci\u00f3n del\u00a0<strong>\u00a0convenio de acreedores<\/strong>, los dirigentes del club volver\u00e1n a tomar el control de la gesti\u00f3n del club, aunque los <strong>administradores concursales<\/strong> seguir\u00e1n de alguna manera vinculados a la entidad, ya\u00a0que el C\u00e1diz todav\u00eda mantiene\u00a0una deuda con Hacienda y la Seguridad Social. Pero el grado de implicaci\u00f3n\u00a0de los <strong>administradores <\/strong>no afectar\u00e1 a las decisiones que tomen los dirigentes del club\u00a0a partir de ahora.<\/p>\n<p style=\"text-align:justify;\">Sonia S\u00e1nchez Aramburo<\/p>\n","protected":false},"excerpt":{"rendered":"<p>El final del concurso de acreedores en el que lleva inmerso el C\u00e1diz desde hace cuatro a\u00f1os parece estar un poco m\u00e1s cerca. Hace unos d\u00edas, el Juzgado de lo Mercantil de C\u00e1diz dictamin\u00f3 la finalizaci\u00f3n de la fase com\u00fan del concurso de acreedores, en&nbsp;<a class=\"read-more\" href=\"https:\/\/javierperezvilla.com\/?p=422\">Leer m\u00e1s<\/a><\/p>\n","protected":false},"author":1,"featured_media":0,"comment_status":"open","ping_status":"open","sticky":false,"template":"","format":"standard","meta":{"footnotes":""},"categories":[79],"tags":[8,7],"class_list":["post-422","post","type-post","status-publish","format-standard","hentry","category-noticias-derecho-deportivo","tag-concurso-de-acreedores","tag-noticias-2"],"_links":{"self":[{"href":"https:\/\/javierperezvilla.com\/index.php?rest_route=\/wp\/v2\/posts\/422","targetHints":{"allow":["GET"]}}],"collection":[{"href":"https:\/\/javierperezvilla.com\/index.php?rest_route=\/wp\/v2\/posts"}],"about":[{"href":"https:\/\/javierperezvilla.com\/index.php?rest_route=\/wp\/v2\/types\/post"}],"author":[{"embeddable":true,"href":"https:\/\/javierperezvilla.com\/index.php?rest_route=\/wp\/v2\/users\/1"}],"replies":[{"embeddable":true,"href":"https:\/\/javierperezvilla.com\/index.php?rest_route=%2Fwp%2Fv2%2Fcomments&post=422"}],"version-history":[{"count":0,"href":"https:\/\/javierperezvilla.com\/index.php?rest_route=\/wp\/v2\/posts\/422\/revisions"}],"wp:attachment":[{"href":"https:\/\/javierperezvilla.com\/index.php?rest_route=%2Fwp%2Fv2%2Fmedia&parent=422"}],"wp:term":[{"taxonomy":"category","embeddable":true,"href":"https:\/\/javierperezvilla.com\/index.php?rest_route=%2Fwp%2Fv2%2Fcategories&post=422"},{"taxonomy":"post_tag","embeddable":true,"href":"https:\/\/javierperezvilla.com\/index.php?rest_route=%2Fwp%2Fv2%2Ftags&post=422"}],"curies":[{"name":"wp","href":"https:\/\/api.w.org\/{rel}","templated":true}]}}