{"id":452,"date":"2014-11-25T09:44:52","date_gmt":"2014-11-25T08:44:52","guid":{"rendered":"http:\/\/lossitiosabogados.com\/blog\/?p=452"},"modified":"2014-11-25T09:44:52","modified_gmt":"2014-11-25T08:44:52","slug":"suspendida-la-sancion-deportiva-a-zidane","status":"publish","type":"post","link":"https:\/\/javierperezvilla.com\/?p=452","title":{"rendered":"Suspendida la sanci\u00f3n deportiva a Zidane"},"content":{"rendered":"<p style=\"text-align:justify;\">El <strong>Tribunal Administrativo del Deporte<\/strong> ha decidido suspender de manera cautelar la <strong>sanci\u00f3n deportiva<\/strong> que se hab\u00eda impuesto a Zinedine Zidane por la que se le inhabilitaba para ejercer como entrenador de f\u00fatbol, ya que\u00a0la licencia que \u00e9ste tiene,\u00a0no se corresponde con la licencia UEFA Pro que necesita para entrenar al Castilla.<\/p>\n<p style=\"text-align:justify;\"><a href=\"http:\/\/lossitiosabogados.com\/blog\/wp-content\/uploads\/2014\/11\/dt.common.streams.StreamServer.jpg\"><img loading=\"lazy\" decoding=\"async\" class=\"aligncenter size-medium wp-image-459\" src=\"http:\/\/lossitiosabogados.com\/blog\/wp-content\/uploads\/2014\/11\/dt.common.streams.StreamServer-300x184.jpg\" alt=\"zidane\" width=\"300\" height=\"184\" \/><\/a><\/p>\n<p style=\"text-align:justify;\">Esta resoluci\u00f3n ha sorprendido a parte de la Real Federaci\u00f3n Espa\u00f1ola de F\u00fatbol, ya que la\u00a0decisi\u00f3n va en contra del criterio de no conceder medidas cautelares antes de impugnar un\u00a0asunto. Pero parece ser que lo que realmente ha ocurrido es que el Real Madrid, club en el que presta sus servicios el ex-futbolista,\u00a0s\u00ed que present\u00f3 el recurso para impugnar la sanci\u00f3n antes de que el TAD emitiese el veredicto.<\/p>\n<p style=\"text-align:justify;\">Sonia S\u00e1nchez Aramburo<\/p>\n<p style=\"text-align:justify;\">\n","protected":false},"excerpt":{"rendered":"<p>El Tribunal Administrativo del Deporte ha decidido suspender de manera cautelar la sanci\u00f3n deportiva que se hab\u00eda impuesto a Zinedine Zidane por la que se le inhabilitaba para ejercer como entrenador de f\u00fatbol, ya que\u00a0la licencia que \u00e9ste tiene,\u00a0no se corresponde con la licencia UEFA&nbsp;<a class=\"read-more\" href=\"https:\/\/javierperezvilla.com\/?p=452\">Leer m\u00e1s<\/a><\/p>\n","protected":false},"author":1,"featured_media":0,"comment_status":"open","ping_status":"open","sticky":false,"template":"","format":"standard","meta":{"footnotes":""},"categories":[79],"tags":[11,7],"class_list":["post-452","post","type-post","status-publish","format-standard","hentry","category-noticias-derecho-deportivo","tag-derecho-del-futbol","tag-noticias-2"],"_links":{"self":[{"href":"https:\/\/javierperezvilla.com\/index.php?rest_route=\/wp\/v2\/posts\/452","targetHints":{"allow":["GET"]}}],"collection":[{"href":"https:\/\/javierperezvilla.com\/index.php?rest_route=\/wp\/v2\/posts"}],"about":[{"href":"https:\/\/javierperezvilla.com\/index.php?rest_route=\/wp\/v2\/types\/post"}],"author":[{"embeddable":true,"href":"https:\/\/javierperezvilla.com\/index.php?rest_route=\/wp\/v2\/users\/1"}],"replies":[{"embeddable":true,"href":"https:\/\/javierperezvilla.com\/index.php?rest_route=%2Fwp%2Fv2%2Fcomments&post=452"}],"version-history":[{"count":0,"href":"https:\/\/javierperezvilla.com\/index.php?rest_route=\/wp\/v2\/posts\/452\/revisions"}],"wp:attachment":[{"href":"https:\/\/javierperezvilla.com\/index.php?rest_route=%2Fwp%2Fv2%2Fmedia&parent=452"}],"wp:term":[{"taxonomy":"category","embeddable":true,"href":"https:\/\/javierperezvilla.com\/index.php?rest_route=%2Fwp%2Fv2%2Fcategories&post=452"},{"taxonomy":"post_tag","embeddable":true,"href":"https:\/\/javierperezvilla.com\/index.php?rest_route=%2Fwp%2Fv2%2Ftags&post=452"}],"curies":[{"name":"wp","href":"https:\/\/api.w.org\/{rel}","templated":true}]}}