{"id":5353,"date":"2016-11-21T09:30:28","date_gmt":"2016-11-21T08:30:28","guid":{"rendered":"http:\/\/www.lawyersportslaw.com\/?p=5353"},"modified":"2016-11-21T09:30:28","modified_gmt":"2016-11-21T08:30:28","slug":"miguel-cardenal-ex-secretario-estado-deporte","status":"publish","type":"post","link":"https:\/\/javierperezvilla.com\/?p=5353","title":{"rendered":"DON MIGUEL CARDENAL, EX SECRETARIO DE ESTADO PARA EL DEPORTE."},"content":{"rendered":"<p style=\"text-align: justify;\">El presente post, es tan s\u00f3lo una reflexi\u00f3n personal, un pensamiento en voz alta, sobre la dimisi\u00f3n, o el cese, (seg\u00fan la fuente que est\u00e9s leyendo) del Secretario de Estado para el Deporte D. Miguel Cardenal Carro. Con \u00e9l, lo que pretendo es dar mi humilde opini\u00f3n al respecto. Parecer, que quiero trasmitir, desnudo de cualquier tinte o color pol\u00edtico, e incluso de ninguna preferencia personal.<\/p>\n<p style=\"text-align: justify;\">Durante estos \u00faltimos cuarto a\u00f1os, hemos asistido a una guerra abierta entre D. Miguel Cardenal y sus detractores, siendo de entre \u00e9stos los m\u00e1s medi\u00e1ticos, el Presidente del COE, D. Alejandro Blanco, y el Presidente de la RFEF, D. \u00c1ngel Mar\u00eda Villar. De los tres protagonistas he tenido el placer de conocer personalmente a los dos primeros. Al Sr. Villar, tan s\u00f3lo en alg\u00fan acto p\u00fablico de la Federaci\u00f3n.<\/p>\n<p style=\"text-align: justify;\">Por orden cronol\u00f3gico, conoc\u00ed a\u00a0D. Alejandro Blanco en los 90, en su etapa como Presidente de la Federaci\u00f3n Espa\u00f1ola de Judo. \u00c9l dirig\u00eda el rumbo de \u00e9sta y yo estaba en el Equipo Nacional Absoluto. Los recuerdos que tengo de \u00e9l son lejanos (han pasado 25 a\u00f1os ya), pero entra\u00f1ables. De mi memoria rescato\u00a0a un hombre de Judo, un magn\u00edfico gestor, y a una persona cercana. Mis recuerdos se acaban cuando a finales de los 90 dejo la competici\u00f3n y pierdo el contacto temporalmente con el mundo del Judo. Despu\u00e9s de aquello, segu\u00ed desde la distancia que da la prensa su ascensi\u00f3n al COE y posterior carrera.<\/p>\n<p style=\"text-align: justify;\">Finalizada mi etapa deportiva, comienzo el ejercicio de la abogac\u00eda, y en el a\u00f1o 2.008 descubro el mundo del <strong>derecho deportivo<\/strong>, que llama profundamente mi atenci\u00f3n. Es entonces cuando me encuentro tambi\u00e9n con la figura de D. Miguel Cardenal, muy involucrado en la difusi\u00f3n de esta especialidad del derecho, por aqu\u00e9l entonces no demasiado conocida. Para mi ha sido una de las piezas clave \u00a0en el auge del derecho deportivo, tanto en Espa\u00f1a como fuera de nuestras fronteras, y uno de los principales responsables del alto grado de profesionalizaci\u00f3n de la abogac\u00eda espa\u00f1ola en \u00e9ste concreto sector del <strong>derecho deportivo<\/strong>. \u00a0He asistido a numerosos seminarios, conferencias, o cursos por \u00e9l impartidos, y he devorado sus manuales y publicaciones, siendo, a mi juicio, unos de los juristas m\u00e1s brillantes en \u00e9ste \u00e1mbito. A dicha cualidad acompa\u00f1a la de la valent\u00eda, pues ha acometido en los a\u00f1os de su mandato, algunos de los temas tab\u00fa o agujeros negros existentes entre el mundo del deporte y la administraci\u00f3n, que nadie antes hab\u00eda abordado (deuda de los clubes con Hacienda, actuaciones de Inspecci\u00f3n de Trabajo, dopaje, etc). Quiz\u00e1 haya sido esa valent\u00eda la que le ha costado el cargo, como escriben algunos, aunque como ya he manifestado desconozco cuales han sido las razones para que no siga.<\/p>\n<p style=\"text-align: justify;\">Por \u00faltimo, a\u00a0D. \u00c1ngel Mar\u00eda Villar lo conozco simplemente de alg\u00fan acto o seminario que la Federaci\u00f3n que preside ha organizado. No puedo, ni quiero calificar lo que no conozco, pero si dar\u00e9 mi opini\u00f3n sobre lo que he podido constatar. Sabe rodearse de magn\u00edficos profesionales del derecho, y con ello me refiero a que ha sabido conformar en la Federaci\u00f3n Espa\u00f1ola de F\u00fatbol una asesor\u00eda jur\u00eddica envidiable, repleta de j\u00f3venes y\u00a0brillantes juristas, que han realizado tambi\u00e9n una enorme tarea de divulgaci\u00f3n y profesionalizaci\u00f3n del derecho en el mundo del deporte. Pese a ello, es verdad que es dif\u00edcil abstraerse de todo el ruido que hay a su alrededor.<\/p>\n<p style=\"text-align: justify;\">De la supuesta guerra entre los tres, no s\u00e9 nada m\u00e1s de lo que aparece en los medios, por lo que nada comentar\u00e9. Ya se est\u00e1n escribiendo r\u00edos de tinta al respecto. No s\u00e9, por lo tanto, si ha dejado el cargo o lo han cesado. Tampoco s\u00e9, qu\u00e9 parte ha ganado o ha perdido la guerra, aunque creo, humildemente, que los que hemos perdido con su marcha somos todos los dem\u00e1s, pues soy de los que piensa que nuestros dirigentes, todos ellos, han de ser gente excepcional en cada uno de los \u00e1mbitos que gestionen, y Cardenal, sin duda lo es.<\/p>\n<p><strong>Javier P\u00e9rez Villa.\u00a0<\/strong><\/p>\n","protected":false},"excerpt":{"rendered":"<p>El presente post, es tan s\u00f3lo una reflexi\u00f3n personal, un pensamiento en voz alta, sobre la dimisi\u00f3n, o el cese, (seg\u00fan la fuente que est\u00e9s leyendo) del Secretario de Estado para el Deporte D. Miguel Cardenal Carro. Con \u00e9l, lo que pretendo es dar mi&nbsp;<a class=\"read-more\" href=\"https:\/\/javierperezvilla.com\/?p=5353\">Leer m\u00e1s<\/a><\/p>\n","protected":false},"author":1,"featured_media":0,"comment_status":"open","ping_status":"open","sticky":false,"template":"","format":"standard","meta":{"footnotes":""},"categories":[79,135],"tags":[],"class_list":["post-5353","post","type-post","status-publish","format-standard","hentry","category-noticias-derecho-deportivo","category-opinion"],"_links":{"self":[{"href":"https:\/\/javierperezvilla.com\/index.php?rest_route=\/wp\/v2\/posts\/5353","targetHints":{"allow":["GET"]}}],"collection":[{"href":"https:\/\/javierperezvilla.com\/index.php?rest_route=\/wp\/v2\/posts"}],"about":[{"href":"https:\/\/javierperezvilla.com\/index.php?rest_route=\/wp\/v2\/types\/post"}],"author":[{"embeddable":true,"href":"https:\/\/javierperezvilla.com\/index.php?rest_route=\/wp\/v2\/users\/1"}],"replies":[{"embeddable":true,"href":"https:\/\/javierperezvilla.com\/index.php?rest_route=%2Fwp%2Fv2%2Fcomments&post=5353"}],"version-history":[{"count":0,"href":"https:\/\/javierperezvilla.com\/index.php?rest_route=\/wp\/v2\/posts\/5353\/revisions"}],"wp:attachment":[{"href":"https:\/\/javierperezvilla.com\/index.php?rest_route=%2Fwp%2Fv2%2Fmedia&parent=5353"}],"wp:term":[{"taxonomy":"category","embeddable":true,"href":"https:\/\/javierperezvilla.com\/index.php?rest_route=%2Fwp%2Fv2%2Fcategories&post=5353"},{"taxonomy":"post_tag","embeddable":true,"href":"https:\/\/javierperezvilla.com\/index.php?rest_route=%2Fwp%2Fv2%2Ftags&post=5353"}],"curies":[{"name":"wp","href":"https:\/\/api.w.org\/{rel}","templated":true}]}}