{"id":5503,"date":"2017-03-24T10:31:01","date_gmt":"2017-03-24T09:31:01","guid":{"rendered":"http:\/\/www.lawyersportslaw.com\/?p=5503"},"modified":"2017-03-24T10:31:01","modified_gmt":"2017-03-24T09:31:01","slug":"jornada-derecho-deportivo-colegio-abogados-zaragoza","status":"publish","type":"post","link":"https:\/\/javierperezvilla.com\/?p=5503","title":{"rendered":"Jornada de Derecho Deportivo en el Colegio de Abogados de Zaragoza"},"content":{"rendered":"<p>Durante los d\u00edas 6 y 7 de abril, se celebrar\u00e1 la Primera Jornada sobre <strong>Derecho Deportivo<\/strong>, organizada por la Secci\u00f3n de <strong>Derecho deportivo<\/strong> del Colegio de Abogados de Zaragoza.<\/p>\n<p>Con ella, iniciamos la andadura de la Secci\u00f3n, teniendo como objetivo el acercar el derecho deportivo, a todos los agentes relacionados con el mundo del deporte.<\/p>\n<p>La\u00a0doble jornada, tendr\u00e1 lugar en el sal\u00f3n de Actos del Colegio de Abogados de Zaragoza (Calle Don Jaime I, n\u00famero 18). El jueves 6 de abril, y tras la acreditaciones, la primera de las jornadas arrancar\u00e1 a las 17:30,\u00a0con una ponencia a cargo de <strong>D. Jos\u00e9 Bermejo<\/strong> <strong>Vera<\/strong>, sobre el <strong>Derecho Deportivo<\/strong> <strong>y el profesionalismo en el deporte<\/strong>, a la que seguir\u00e1 una mesa redonda sobre el <strong>presente y el futuro del F\u00fatbol femenino<\/strong>.<\/p>\n<p>El viernes 7, la jornada comenzar\u00e1 con\u00a0una ponencia de\u00a0<strong>D. Javier Rodr\u00edguez Ten<\/strong>, sobre la relaci\u00f3n entre el <strong>deporte y el derecho de la competencia<\/strong>. Seguidamente <strong>D. Jos\u00e9 Mar\u00eda Nasarre Sarmiento<\/strong>, se detendr\u00e1 en los diversos aspectos jur\u00eddicos de los <strong>deportes de monta\u00f1a<\/strong>.<\/p>\n<p>Tras una breve pausa caf\u00e9, ser\u00e1 <strong>Do\u00f1a Reyer Bellver Alonso<\/strong>, quien desgranar\u00e1 los aspectos pr\u00e1cticos de una <strong>procedimiento ante el TAS<\/strong>, y para finalizar <strong>D. Miguel Garc\u00eda Cava<\/strong>, disertar\u00e1 sobre <strong>gobernanza, integridad y compliance en entidades deportivas<\/strong>.<\/p>\n<p>Si quieres m\u00e1s informaci\u00f3n sobre inscripciones, y programa, haz click aqu\u00ed:\u00a0<a href=\"https:\/\/javierperezvilla.com\/wp-content\/uploads\/2017\/03\/JORNADA-REICAZ-ABRIL-2017.pdf\">JORNADA REICAZ ABRIL 2017<\/a><\/p>\n<p><strong>Javier P\u00e9rez Villa.\u00a0<\/strong><\/p>\n","protected":false},"excerpt":{"rendered":"<p>Durante los d\u00edas 6 y 7 de abril, se celebrar\u00e1 la Primera Jornada sobre Derecho Deportivo, organizada por la Secci\u00f3n de Derecho deportivo del Colegio de Abogados de Zaragoza. Con ella, iniciamos la andadura de la Secci\u00f3n, teniendo como objetivo el acercar el derecho deportivo,&nbsp;<a class=\"read-more\" href=\"https:\/\/javierperezvilla.com\/?p=5503\">Leer m\u00e1s<\/a><\/p>\n","protected":false},"author":1,"featured_media":5506,"comment_status":"open","ping_status":"open","sticky":false,"template":"","format":"standard","meta":{"footnotes":""},"categories":[101,79],"tags":[3],"class_list":["post-5503","post","type-post","status-publish","format-standard","has-post-thumbnail","hentry","category-eventos-derecho-deportivo","category-noticias-derecho-deportivo","tag-derecho-deportivo-2"],"_links":{"self":[{"href":"https:\/\/javierperezvilla.com\/index.php?rest_route=\/wp\/v2\/posts\/5503","targetHints":{"allow":["GET"]}}],"collection":[{"href":"https:\/\/javierperezvilla.com\/index.php?rest_route=\/wp\/v2\/posts"}],"about":[{"href":"https:\/\/javierperezvilla.com\/index.php?rest_route=\/wp\/v2\/types\/post"}],"author":[{"embeddable":true,"href":"https:\/\/javierperezvilla.com\/index.php?rest_route=\/wp\/v2\/users\/1"}],"replies":[{"embeddable":true,"href":"https:\/\/javierperezvilla.com\/index.php?rest_route=%2Fwp%2Fv2%2Fcomments&post=5503"}],"version-history":[{"count":0,"href":"https:\/\/javierperezvilla.com\/index.php?rest_route=\/wp\/v2\/posts\/5503\/revisions"}],"wp:featuredmedia":[{"embeddable":true,"href":"https:\/\/javierperezvilla.com\/index.php?rest_route=\/wp\/v2\/media\/5506"}],"wp:attachment":[{"href":"https:\/\/javierperezvilla.com\/index.php?rest_route=%2Fwp%2Fv2%2Fmedia&parent=5503"}],"wp:term":[{"taxonomy":"category","embeddable":true,"href":"https:\/\/javierperezvilla.com\/index.php?rest_route=%2Fwp%2Fv2%2Fcategories&post=5503"},{"taxonomy":"post_tag","embeddable":true,"href":"https:\/\/javierperezvilla.com\/index.php?rest_route=%2Fwp%2Fv2%2Ftags&post=5503"}],"curies":[{"name":"wp","href":"https:\/\/api.w.org\/{rel}","templated":true}]}}