{"id":5535,"date":"2017-04-12T09:08:29","date_gmt":"2017-04-12T07:08:29","guid":{"rendered":"http:\/\/www.lawyersportslaw.com\/?p=5535"},"modified":"2017-04-12T09:08:29","modified_gmt":"2017-04-12T07:08:29","slug":"nuevo-convenio-colectivo-del-futbol-sala-2016","status":"publish","type":"post","link":"https:\/\/javierperezvilla.com\/?p=5535","title":{"rendered":"NUEVO CONVENIO COLECTIVO DEL F\u00daTBOL SALA 2016"},"content":{"rendered":"<p>El pasado mi\u00e9rcoles 5 de abril se public\u00f3 en el BOE, el nuevo <strong>Convenio<\/strong>\u00a0<strong>Colectivo del F\u00fatbol Sala<\/strong>, que sustituye al anterior que databa de 2.011.<\/p>\n<p>El acuerdo que regula las condiciones de trabajo entre los jugadores de f\u00fatbol sala, y los clubes y entidades pertenecientes a la Liga Nacional de F\u00fatbol Sala, \u00a0se alcanz\u00f3 en el mes de septiembre de 2.106.<\/p>\n<p>En cuanto a su vigencia del <strong>convenio<\/strong>, las partes acordaron que \u00e9sta comienza el 1 de julio de 2.106, abarcando tres temporadas, la 16\/17, la 17\/18, y la 18\/19,\u00a0prorrog\u00e1ndose t\u00e1citamente, si no hay denuncia previa.<\/p>\n<p>Si quieres conocer el documento, cons\u00faltalo aqu\u00ed.\u00a0<a href=\"https:\/\/javierperezvilla.com\/wp-content\/uploads\/2017\/04\/Convenio-FS-2016-2019.pdf\">Convenio FS 2016 2019<\/a><\/p>\n<p>Javier P\u00e9rez Villa.<\/p>\n<p>&nbsp;<\/p>\n<p>&nbsp;<\/p>\n","protected":false},"excerpt":{"rendered":"<p>El pasado mi\u00e9rcoles 5 de abril se public\u00f3 en el BOE, el nuevo Convenio\u00a0Colectivo del F\u00fatbol Sala, que sustituye al anterior que databa de 2.011. El acuerdo que regula las condiciones de trabajo entre los jugadores de f\u00fatbol sala, y los clubes y entidades pertenecientes&nbsp;<a class=\"read-more\" href=\"https:\/\/javierperezvilla.com\/?p=5535\">Leer m\u00e1s<\/a><\/p>\n","protected":false},"author":1,"featured_media":5537,"comment_status":"open","ping_status":"open","sticky":false,"template":"","format":"standard","meta":{"footnotes":""},"categories":[79],"tags":[],"class_list":["post-5535","post","type-post","status-publish","format-standard","has-post-thumbnail","hentry","category-noticias-derecho-deportivo"],"_links":{"self":[{"href":"https:\/\/javierperezvilla.com\/index.php?rest_route=\/wp\/v2\/posts\/5535","targetHints":{"allow":["GET"]}}],"collection":[{"href":"https:\/\/javierperezvilla.com\/index.php?rest_route=\/wp\/v2\/posts"}],"about":[{"href":"https:\/\/javierperezvilla.com\/index.php?rest_route=\/wp\/v2\/types\/post"}],"author":[{"embeddable":true,"href":"https:\/\/javierperezvilla.com\/index.php?rest_route=\/wp\/v2\/users\/1"}],"replies":[{"embeddable":true,"href":"https:\/\/javierperezvilla.com\/index.php?rest_route=%2Fwp%2Fv2%2Fcomments&post=5535"}],"version-history":[{"count":0,"href":"https:\/\/javierperezvilla.com\/index.php?rest_route=\/wp\/v2\/posts\/5535\/revisions"}],"wp:featuredmedia":[{"embeddable":true,"href":"https:\/\/javierperezvilla.com\/index.php?rest_route=\/wp\/v2\/media\/5537"}],"wp:attachment":[{"href":"https:\/\/javierperezvilla.com\/index.php?rest_route=%2Fwp%2Fv2%2Fmedia&parent=5535"}],"wp:term":[{"taxonomy":"category","embeddable":true,"href":"https:\/\/javierperezvilla.com\/index.php?rest_route=%2Fwp%2Fv2%2Fcategories&post=5535"},{"taxonomy":"post_tag","embeddable":true,"href":"https:\/\/javierperezvilla.com\/index.php?rest_route=%2Fwp%2Fv2%2Ftags&post=5535"}],"curies":[{"name":"wp","href":"https:\/\/api.w.org\/{rel}","templated":true}]}}