{"id":5545,"date":"2017-07-07T09:00:36","date_gmt":"2017-07-07T07:00:36","guid":{"rendered":"http:\/\/www.lawyersportslaw.com\/?p=5545"},"modified":"2017-07-07T09:00:36","modified_gmt":"2017-07-07T07:00:36","slug":"primeras-jornadas-de-derecho-deportivo-del-reicaz","status":"publish","type":"post","link":"https:\/\/javierperezvilla.com\/?p=5545","title":{"rendered":"EL DESPACHO EN LAS PRIMERAS JORNADAS DE DERECHO DEPORTIVO DEL REICAZ"},"content":{"rendered":"<p>Durante los d\u00edas 6 y 7 de abril, se celebraron las primeras Jornadas de <strong>Derecho Deportivo<\/strong> organizadas por la Secci\u00f3n de <strong>Derecho Deportivo<\/strong> del <strong>Colegio de Abogados de Zaragoza<\/strong>, en las que estuvo presente <strong>Javier P\u00e9rez Villa<\/strong>, miembro de la citada secci\u00f3n.<\/p>\n<p>Nombres ilustres para la puesta de largo, como \u00a0<strong>D. Jos\u00e9 Bermejo Vera<\/strong>, Catedr\u00e1tico em\u00e9rito de Derecho Administrativo de la Facultad de Derecho de Zaragoza,\u00a0<strong>D. Jos\u00e9 Mar\u00eda Nasarre Sarmiento, <\/strong>Doctor en Derecho, y Profesor de la Universidad de Zaragoza,<strong>\u00a0D. Javier Rodr\u00edguez Ten, <\/strong>Vicedecano del Grado CCAFD (Universidad San Jorge),<strong> \u00a0D\u00aa. Reyes Bellver Alonso, y\u00a0D. Miguel Garc\u00eda Caba, <\/strong>abogados especialistas en derecho deportivo, que\u00a0abordaron materias como el profesionalismo en el deporte, la relaci\u00f3n entre el deporte y el derecho de la competencia, los aspectos jur\u00eddicos del los deportes de monta\u00f1a, los aspectos pr\u00e1cticos de los procesos ante el TAS, o la gobernanza, integridad y\u00a0compliance en entidades deportivas.<\/p>\n<p>El punto de vista pr\u00e1ctico, corri\u00f3 de la mano de\u00a0<strong>D\u00aa. Ana Rossell Granados<\/strong>, Presidenta de AR10, jugadora de f\u00fatbol,\u00a0<strong>D. Manuel Merinero Mozo<\/strong>, Director General de AR10, especialista en f\u00fatbol femenino, y <strong>D. Alberto Berna Montorio<\/strong>, entrenador del Zaragoza C.F. Femenino de Primera Divisi\u00f3n, quienes debatieron sobre el presente y el futuro del f\u00fatbol femenino, en una interesante mesa redonda.<\/p>\n","protected":false},"excerpt":{"rendered":"<p>Durante los d\u00edas 6 y 7 de abril, se celebraron las primeras Jornadas de Derecho Deportivo organizadas por la Secci\u00f3n de Derecho Deportivo del Colegio de Abogados de Zaragoza, en las que estuvo presente Javier P\u00e9rez Villa, miembro de la citada secci\u00f3n. Nombres ilustres para&nbsp;<a class=\"read-more\" href=\"https:\/\/javierperezvilla.com\/?p=5545\">Leer m\u00e1s<\/a><\/p>\n","protected":false},"author":1,"featured_media":5574,"comment_status":"open","ping_status":"open","sticky":false,"template":"","format":"standard","meta":{"footnotes":""},"categories":[79,133],"tags":[],"class_list":["post-5545","post","type-post","status-publish","format-standard","has-post-thumbnail","hentry","category-noticias-derecho-deportivo","category-lawyer-sports-law-en-prensa"],"_links":{"self":[{"href":"https:\/\/javierperezvilla.com\/index.php?rest_route=\/wp\/v2\/posts\/5545","targetHints":{"allow":["GET"]}}],"collection":[{"href":"https:\/\/javierperezvilla.com\/index.php?rest_route=\/wp\/v2\/posts"}],"about":[{"href":"https:\/\/javierperezvilla.com\/index.php?rest_route=\/wp\/v2\/types\/post"}],"author":[{"embeddable":true,"href":"https:\/\/javierperezvilla.com\/index.php?rest_route=\/wp\/v2\/users\/1"}],"replies":[{"embeddable":true,"href":"https:\/\/javierperezvilla.com\/index.php?rest_route=%2Fwp%2Fv2%2Fcomments&post=5545"}],"version-history":[{"count":0,"href":"https:\/\/javierperezvilla.com\/index.php?rest_route=\/wp\/v2\/posts\/5545\/revisions"}],"wp:featuredmedia":[{"embeddable":true,"href":"https:\/\/javierperezvilla.com\/index.php?rest_route=\/wp\/v2\/media\/5574"}],"wp:attachment":[{"href":"https:\/\/javierperezvilla.com\/index.php?rest_route=%2Fwp%2Fv2%2Fmedia&parent=5545"}],"wp:term":[{"taxonomy":"category","embeddable":true,"href":"https:\/\/javierperezvilla.com\/index.php?rest_route=%2Fwp%2Fv2%2Fcategories&post=5545"},{"taxonomy":"post_tag","embeddable":true,"href":"https:\/\/javierperezvilla.com\/index.php?rest_route=%2Fwp%2Fv2%2Ftags&post=5545"}],"curies":[{"name":"wp","href":"https:\/\/api.w.org\/{rel}","templated":true}]}}