{"id":5552,"date":"2017-06-09T18:29:34","date_gmt":"2017-06-09T16:29:34","guid":{"rendered":"http:\/\/www.lawyersportslaw.com\/?p=5552"},"modified":"2017-06-09T18:29:34","modified_gmt":"2017-06-09T16:29:34","slug":"jornada-aspectos-actuales-del-derecho-deportivo-aragon","status":"publish","type":"post","link":"https:\/\/javierperezvilla.com\/?p=5552","title":{"rendered":"JORNADA: ASPECTOS ACTUALES DEL DERECHO DEPORTIVO EN ARAG\u00d3N"},"content":{"rendered":"<p>El <strong>pr\u00f3ximo 23 de junio<\/strong>, tendr\u00e1 lugar una nueva <strong>Jornada de derecho deportivo en Zaragoza<\/strong>, organizada por la Asociaci\u00f3n Espa\u00f1ola de Derecho Deportivo (AEDD), la editorial Reus, y la Asociaci\u00f3n Aragonesa de Derecho Deportivo (ASADED), con la colaboraci\u00f3n del <strong>Gobierno de Arag\u00f3n<\/strong>, la <strong>Universidad San Jorge<\/strong>, y el <strong>Grupo San Valero<\/strong>.<\/p>\n<p>En la Jornada, \u00a0que girar\u00e1 en torno a la\u00a0presentaci\u00f3n de la obra \u00ab<strong>Asociacionismo deportivo:diagn\u00f3stico y perspectivas<\/strong>\u00ab, se abordar\u00e1n temas como el <strong>Anteproyecto de Ley de la actividad f\u00edsica y del Deporte de Arag\u00f3n, la mediaci\u00f3n en el deporte, o la persecuci\u00f3n de los ama\u00f1os en el deporte profesional.<\/strong><\/p>\n<p>El Gobierno de Arag\u00f3n, estar\u00e1 representado por su Director General \u00a0del Deportes, <strong>D. Mariano Soriano Lacambra<\/strong>, as\u00ed como por el Jefe de Servicio de actividad deportiva y competici\u00f3n, <strong>D. Miguel \u00c1ngel Mar\u00edn S\u00e1nchez<\/strong>.<\/p>\n<p>La Universidad San Jorge, por su parte, est\u00e1 representada por <strong>D. Vicente Ferrero Mu\u00f1oz<\/strong>, Director del Grado de Derecho, y <strong>D. Javier Rodriguez Ten,<\/strong> Presidente de la Asociaci\u00f3n Aragonesa de Derecho Deportivo, y Director del Observatorio San Jorge del Deporte Base, y el CPA Salude, por \u00a0<strong>D. Antonio C\u00e9spedes Salda\u00f1a.\u00a0<\/strong><\/p>\n<p>Adem\u00e1s, el acto contar\u00e1 con dos de los m\u00e1s destacados juristas espa\u00f1oles en el \u00e1mbito del derecho deportivo, <strong>D. Jos\u00e9 Bermejo<\/strong> <strong>Vera<\/strong>, Catedr\u00e1tico de Derecho Administrativo de la Universidad de Zaragoza, y Presidente del Consejo Consultivo de Arag\u00f3n \u00a0y <strong>D. Antonio Mill\u00e1n Garrido<\/strong>, presidente de la Asociaci\u00f3n Espa\u00f1ola de Derecho Deportivo, y Director de la Colecci\u00f3n de derecho deportivo de la Editorial Reus, que estar\u00e1 representada por su director general, <strong>D. Florencio S\u00e1nchez Mansilla<\/strong>.<\/p>\n<p>Por parte del despacho, <strong>D. Javier P\u00e9rez Villa,<\/strong> disertar\u00e1 sobre mediaci\u00f3n y deporte.<\/p>\n<p>La Jornada de <strong>car\u00e1cter gratuito<\/strong>, tendr\u00e1 lugar en el Aula Magna del CPA Salduie, en la Avenida Alcalde Ram\u00f3n S\u00e1inz de Varanda, 1-3 de Zaragoza (junto al CC Aragonia), y comenzar\u00e1 a las 17:00 horas.<\/p>\n<p>Os invitamos a inscribiros, seguro que merece la pena. Para m\u00e1s informaci\u00f3n, os adjuntamos el programa.<\/p>\n<p><a href=\"https:\/\/javierperezvilla.com\/wp-content\/uploads\/2017\/06\/PROGRAMA-JORNADA-DERECHO-DEPORTIVO-ZARAGOZA-23-JUN.pdf\">PROGRAMA JORNADA DERECHO DEPORTIVO ZARAGOZA 23 JUN<\/a><\/p>\n<p><strong>Comunicaci\u00f3n. <\/strong><\/p>\n<p><strong>LOS SITIOS ABOGADOS\u00a0<\/strong><\/p>\n<p>&nbsp;<\/p>\n","protected":false},"excerpt":{"rendered":"<p>El pr\u00f3ximo 23 de junio, tendr\u00e1 lugar una nueva Jornada de derecho deportivo en Zaragoza, organizada por la Asociaci\u00f3n Espa\u00f1ola de Derecho Deportivo (AEDD), la editorial Reus, y la Asociaci\u00f3n Aragonesa de Derecho Deportivo (ASADED), con la colaboraci\u00f3n del Gobierno de Arag\u00f3n, la Universidad San&nbsp;<a class=\"read-more\" href=\"https:\/\/javierperezvilla.com\/?p=5552\">Leer m\u00e1s<\/a><\/p>\n","protected":false},"author":1,"featured_media":4173,"comment_status":"open","ping_status":"open","sticky":false,"template":"","format":"standard","meta":{"footnotes":""},"categories":[101,79],"tags":[],"class_list":["post-5552","post","type-post","status-publish","format-standard","has-post-thumbnail","hentry","category-eventos-derecho-deportivo","category-noticias-derecho-deportivo"],"_links":{"self":[{"href":"https:\/\/javierperezvilla.com\/index.php?rest_route=\/wp\/v2\/posts\/5552","targetHints":{"allow":["GET"]}}],"collection":[{"href":"https:\/\/javierperezvilla.com\/index.php?rest_route=\/wp\/v2\/posts"}],"about":[{"href":"https:\/\/javierperezvilla.com\/index.php?rest_route=\/wp\/v2\/types\/post"}],"author":[{"embeddable":true,"href":"https:\/\/javierperezvilla.com\/index.php?rest_route=\/wp\/v2\/users\/1"}],"replies":[{"embeddable":true,"href":"https:\/\/javierperezvilla.com\/index.php?rest_route=%2Fwp%2Fv2%2Fcomments&post=5552"}],"version-history":[{"count":0,"href":"https:\/\/javierperezvilla.com\/index.php?rest_route=\/wp\/v2\/posts\/5552\/revisions"}],"wp:featuredmedia":[{"embeddable":true,"href":"https:\/\/javierperezvilla.com\/index.php?rest_route=\/"}],"wp:attachment":[{"href":"https:\/\/javierperezvilla.com\/index.php?rest_route=%2Fwp%2Fv2%2Fmedia&parent=5552"}],"wp:term":[{"taxonomy":"category","embeddable":true,"href":"https:\/\/javierperezvilla.com\/index.php?rest_route=%2Fwp%2Fv2%2Fcategories&post=5552"},{"taxonomy":"post_tag","embeddable":true,"href":"https:\/\/javierperezvilla.com\/index.php?rest_route=%2Fwp%2Fv2%2Ftags&post=5552"}],"curies":[{"name":"wp","href":"https:\/\/api.w.org\/{rel}","templated":true}]}}