{"id":5566,"date":"2017-07-04T20:04:53","date_gmt":"2017-07-04T18:04:53","guid":{"rendered":"http:\/\/www.lawyersportslaw.com\/?p=5566"},"modified":"2017-07-04T20:04:53","modified_gmt":"2017-07-04T18:04:53","slug":"plan-estrategico-del-deporte-aragones-buen-comienzo","status":"publish","type":"post","link":"https:\/\/javierperezvilla.com\/?p=5566","title":{"rendered":"EL PLAN ESTRAT\u00c9GICO DEL DEPORTE ARAGON\u00c9S. UN BUEN COMIENZO."},"content":{"rendered":"<p>Todos los que de una forma u otra forma, tenemos relaci\u00f3n con el deporte en Arag\u00f3n, estamos sin duda de enhorabuena.<\/p>\n<p>Es un hecho por pocos discutido que la normativa reguladora del deporte, tanto en el \u00e1mbito estatal, como en nuestra \u00e1mbito auton\u00f3mico, ha sido claramente superada por la realidad. En ambos casos, los marcos normativos datan de principios de los 90. El deporte hoy, tiene muy poco que ver, con el que se realizaba en aquellos a\u00f1os. En ambos casos, estatal y auton\u00f3mico, y como por otro lado es tambi\u00e9n conocido, se est\u00e1 trabajando en la reforma de las leyes reguladoras del deporte.<\/p>\n<p>Sin embargo, y hablando de Arag\u00f3n, me parece, no solo un acierto, sino algo absolutamente imprescindible, que dado el marco jur\u00eddico en el que el deporte est\u00e1 inmerso en nuestro pa\u00eds, con un alto grado de publificaci\u00f3n, o control por parte de la Administraci\u00f3n, excesivo a mi juicio en algunos casos, sea \u00e9sta la encargada de estructurar, o planificar el modelo deportivo auton\u00f3mico com\u00fan.<\/p>\n<p>Haciendo un s\u00edmil propio de la materia, al igual que el deportista que tenga como objetivo progresar en el aprendizaje de una disciplina deportiva, o ser el n\u00famero uno en su especialidad, necesita, como primer paso, planificar su entrenamiento, tambi\u00e9n la administraci\u00f3n debe de planificar su actuaci\u00f3n, para que, finalmente, \u00e9sta sea eficiente, y redunde en beneficio de la pr\u00e1ctica deportiva y sus usuarios, los ciudadanos, con los beneficios sociales que se obtendr\u00e1n como retorno (sociedades m\u00e1s formadas, saludables, y con mejor cohesi\u00f3n social.)<\/p>\n<p>El Plan estrat\u00e9gico del deporte aragon\u00e9s 2.016, trata de sentar las bases del futuro del deporte en nuestra comunidad, y abarca desde la etapa inicial de formaci\u00f3n deportiva, hasta las puertas del deporte de alto rendimiento.<\/p>\n<p>De car\u00e1cter cuatrienal, ser\u00e1 revisable, en funci\u00f3n de los resultados que su puesta en pr\u00e1ctica ofrezca. Parte del estudio de la situaci\u00f3n actual del deporte aragon\u00e9s, cuyas carencias y virtudes analiza, siendo \u00e9sta, como no pod\u00eda ser de otra manera, la l\u00ednea de salida.<\/p>\n<p>En su an\u00e1lisis del estado actual, si difiero de la visi\u00f3n que se da sobre el papel de los clubes aragoneses en la tecnificaci\u00f3n deportiva. A mi modo de ver, y por mi experiencia personal, creo que el mayor peso en la tecnificaci\u00f3n deportiva, hist\u00f3ricamente ha reca\u00eddo en los clubes. Ellos han sido, junto con los propios deportistas y sus familias, los verdaderos art\u00edfices de los \u00e9xitos deportivos obtenidos tanto nacional, como internacionalmente, por nuestros deportistas. No debiendo adem\u00e1s de ser as\u00ed.<\/p>\n<p>No quiero dejar de resaltar, la menci\u00f3n a la b\u00fasqueda de bases, necesidades y objetivos comunes a las diferentes disciplinas deportivas, que sin duda los hay, superando la situaci\u00f3n actual de aislamiento de cada una de ellas. Sin duda aqu\u00ed, la tarea no ser\u00e1 f\u00e1cil, dada la actual idiosincrasia reinante en las estructuras de tipo asociativo, que sin duda hay tambi\u00e9n que superar.<\/p>\n<p>Novedad esencial, en mi opini\u00f3n, a parte de la propia existencia del plan, es el de tratar de acercar el \u00e1mbito deportivo de tecnificaci\u00f3n, con con el mundo educativo, dos mundos, hasta tiempos recientes, totalmente aislado el uno del otro. Se est\u00e1n llevado a cabo experiencias piloto, creando estructuras que detecten el talento, y lo sepan encaminar hacia el alto rendimiento, sin merma en la formaci\u00f3n acad\u00e9mica de los deportistas. Fundamental en este punto me parecen las experiencias ya iniciadas de las aulas de tecnificaci\u00f3n, d\u00f3nde por primera vez se facilita al alumno, la ardua tarea de compatibilizar su necesaria formaci\u00f3n acad\u00e9mica, con la exigencia en su fase formativa. Dichas experiencias deber\u00e1n, con el tiempo, de generalizarse.<\/p>\n<p>Tendr\u00e1n tambi\u00e9n que mejorarse, los procesos de concesi\u00f3n de ayudas y subvenciones deportivas, que tanto est\u00e1n dando que hablar, y cuyo defectuoso funcionamiento es detectado tambi\u00e9n el Plan.<\/p>\n<p>Adem\u00e1s, se ponen fechas a las cifras, planific\u00e1ndose un aumento en las asignaciones presupuestarias en los a\u00f1os venideros, consciente la administraci\u00f3n de la importancia del deporte en la sociedad.<\/p>\n<p>Se ponen en valor tambi\u00e9n algunas medidas concretas para el fomento de la necesaria participaci\u00f3n en el \u00e1mbito deportivo de la iniciativa privada, aunque en \u00e9ste camino hay mucho todav\u00eda por hacer.<\/p>\n<p>Sin duda, como he comentado al inicio, la buena noticia es la elaboraci\u00f3n de un Plan de \u00e9stas caracter\u00edsticas, que redundar\u00e1 a medio y largo plazo en una mejora del deporte en nuestra regi\u00f3n.<\/p>\n<p>El Plan, que como ya he manifestado, se ocupa de los periodos iniciales de formaci\u00f3n de los deportistas hasta el inicio de su etapa de alto rendimiento, necesita ahora ser complementado por otro que abarque la etapa del alto rendimiento hasta la finalizaci\u00f3n de la carrera del deportista, y que no se olvide de su inserci\u00f3n en el mundo laboral llegado el momento de la retirada.<\/p>\n<p>En definitiva, el Plan es un buen principio. Ahora, y volviendo al s\u00edmil deportivo, lo m\u00e1s importante de cualquier planificaci\u00f3n, es llevarla a cabo. Queda la tarea m\u00e1s ardua, trasladarlo del papel, que todo, o casi todo lo soporta, a la realidad. El primer paso est\u00e1 dado.<\/p>\n<p>&nbsp;<\/p>\n<p><strong>Javier P\u00e9rez Villa.<\/strong><\/p>\n","protected":false},"excerpt":{"rendered":"<p>Todos los que de una forma u otra forma, tenemos relaci\u00f3n con el deporte en Arag\u00f3n, estamos sin duda de enhorabuena. Es un hecho por pocos discutido que la normativa reguladora del deporte, tanto en el \u00e1mbito estatal, como en nuestra \u00e1mbito auton\u00f3mico, ha sido&nbsp;<a class=\"read-more\" href=\"https:\/\/javierperezvilla.com\/?p=5566\">Leer m\u00e1s<\/a><\/p>\n","protected":false},"author":1,"featured_media":5567,"comment_status":"open","ping_status":"open","sticky":false,"template":"","format":"standard","meta":{"footnotes":""},"categories":[79],"tags":[],"class_list":["post-5566","post","type-post","status-publish","format-standard","has-post-thumbnail","hentry","category-noticias-derecho-deportivo"],"_links":{"self":[{"href":"https:\/\/javierperezvilla.com\/index.php?rest_route=\/wp\/v2\/posts\/5566","targetHints":{"allow":["GET"]}}],"collection":[{"href":"https:\/\/javierperezvilla.com\/index.php?rest_route=\/wp\/v2\/posts"}],"about":[{"href":"https:\/\/javierperezvilla.com\/index.php?rest_route=\/wp\/v2\/types\/post"}],"author":[{"embeddable":true,"href":"https:\/\/javierperezvilla.com\/index.php?rest_route=\/wp\/v2\/users\/1"}],"replies":[{"embeddable":true,"href":"https:\/\/javierperezvilla.com\/index.php?rest_route=%2Fwp%2Fv2%2Fcomments&post=5566"}],"version-history":[{"count":0,"href":"https:\/\/javierperezvilla.com\/index.php?rest_route=\/wp\/v2\/posts\/5566\/revisions"}],"wp:featuredmedia":[{"embeddable":true,"href":"https:\/\/javierperezvilla.com\/index.php?rest_route=\/wp\/v2\/media\/5567"}],"wp:attachment":[{"href":"https:\/\/javierperezvilla.com\/index.php?rest_route=%2Fwp%2Fv2%2Fmedia&parent=5566"}],"wp:term":[{"taxonomy":"category","embeddable":true,"href":"https:\/\/javierperezvilla.com\/index.php?rest_route=%2Fwp%2Fv2%2Fcategories&post=5566"},{"taxonomy":"post_tag","embeddable":true,"href":"https:\/\/javierperezvilla.com\/index.php?rest_route=%2Fwp%2Fv2%2Ftags&post=5566"}],"curies":[{"name":"wp","href":"https:\/\/api.w.org\/{rel}","templated":true}]}}