{"id":5578,"date":"2017-07-10T09:00:31","date_gmt":"2017-07-10T07:00:31","guid":{"rendered":"http:\/\/www.lawyersportslaw.com\/?p=5578"},"modified":"2017-07-10T09:00:31","modified_gmt":"2017-07-10T07:00:31","slug":"jornada-aspectos-actuales-del-derecho-deportivo-en-aragon","status":"publish","type":"post","link":"https:\/\/javierperezvilla.com\/?p=5578","title":{"rendered":"JORNADA: ASPECTOS ACTUALES DEL DERECHO DEPORTIVO EN ARAG\u00d3N."},"content":{"rendered":"<p>El pasado 23 de junio, tuvo lugar en el CPA Saluie de Zaragoza, la jornada \u00abAspectos Actuales del Derecho Deportivo en Arag\u00f3n\u00bb, organizada por la Asociaci\u00f3n Espa\u00f1ola de Derecho Deportivo, la Asociaci\u00f3n Aragonesa de Derecho Deportivo, y la editorial Reus, con la Colaboraci\u00f3n del Gobierno de Arag\u00f3n, la Universidad San Jorge, el Observatorio Universitario San Jorge del Deporte Base, y CPA Saldiue.<\/p>\n<p>La Inauguraci\u00f3n corri\u00f3 a cargo del Director General de Deportes del Gobierno de Arag\u00f3n, <strong>D\u00ba Mariano Soriano Lacambra<\/strong>, quien junto al Jefe de Servicio de actividad deportiva y competici\u00f3n, <strong>D\u00ba Miguel \u00c1ngel Mar\u00edn S\u00e1nchez<\/strong>, expuso las l\u00edneas generales del Anteproyecto de Ley de la Actividad F\u00edsica y del deporte en Arag\u00f3n, <strong>D. Vicente Ferrero Mu\u00f1oz<\/strong>, Director del grado en Derecho de la Universidad San Jorge, y\u00a0<strong>D. Antonio C\u00e9spedes Salda\u00f1a<\/strong>, Director del CPA Salduie<\/p>\n<p><strong>D. Javier P\u00e9rez Villa<\/strong>, habl\u00f3 de la mediaci\u00f3n como forma de resoluci\u00f3n de disputas en el \u00e1mbito deportivo, siendo <strong>D. Javier Rodr\u00edguez Ten<\/strong>, Profesor de legislaci\u00f3n y organizaci\u00f3n deportiva (Universidad San Jorge), el \u00a0encargado de departir \u00a0sobre la persecuci\u00f3n de ama\u00f1os en el deporte no profesional.<\/p>\n<p>Para poner punto y final a la calurosa Jornada, se llev\u00f3 a cabo la presentaci\u00f3n de la obra\u00a0\u00abAsociacionismo Deportivo: Diagnostico y perspectivas\u00bb, de la mano de <strong>D. Antonio Millan Garrido<\/strong>, coordinador de la obra, y Director de la Colecci\u00f3n de Derecho Deportivo de la Editorial Reus, y <strong>D\u00ba\u00a0Jos\u00e9 Bermejo Vera<\/strong>, Catedr\u00e1tico de Derecho Administrativo de la Universidad de Zaragoza, quien pronunci\u00f3 la conferencia \u201cReconstrucci\u00f3n o deconstrucci\u00f3n del asociacionismo deportivo\u201d.<\/p>\n<p><strong>LOS SITIOS ABOGADOS.<\/strong><\/p>\n<p><strong>Comunicaci\u00f3n.\u00a0<\/strong><\/p>\n","protected":false},"excerpt":{"rendered":"<p>El pasado 23 de junio, tuvo lugar en el CPA Saluie de Zaragoza, la jornada \u00abAspectos Actuales del Derecho Deportivo en Arag\u00f3n\u00bb, organizada por la Asociaci\u00f3n Espa\u00f1ola de Derecho Deportivo, la Asociaci\u00f3n Aragonesa de Derecho Deportivo, y la editorial Reus, con la Colaboraci\u00f3n del Gobierno&nbsp;<a class=\"read-more\" href=\"https:\/\/javierperezvilla.com\/?p=5578\">Leer m\u00e1s<\/a><\/p>\n","protected":false},"author":1,"featured_media":5579,"comment_status":"open","ping_status":"open","sticky":false,"template":"","format":"standard","meta":{"footnotes":""},"categories":[79,133],"tags":[],"class_list":["post-5578","post","type-post","status-publish","format-standard","has-post-thumbnail","hentry","category-noticias-derecho-deportivo","category-lawyer-sports-law-en-prensa"],"_links":{"self":[{"href":"https:\/\/javierperezvilla.com\/index.php?rest_route=\/wp\/v2\/posts\/5578","targetHints":{"allow":["GET"]}}],"collection":[{"href":"https:\/\/javierperezvilla.com\/index.php?rest_route=\/wp\/v2\/posts"}],"about":[{"href":"https:\/\/javierperezvilla.com\/index.php?rest_route=\/wp\/v2\/types\/post"}],"author":[{"embeddable":true,"href":"https:\/\/javierperezvilla.com\/index.php?rest_route=\/wp\/v2\/users\/1"}],"replies":[{"embeddable":true,"href":"https:\/\/javierperezvilla.com\/index.php?rest_route=%2Fwp%2Fv2%2Fcomments&post=5578"}],"version-history":[{"count":0,"href":"https:\/\/javierperezvilla.com\/index.php?rest_route=\/wp\/v2\/posts\/5578\/revisions"}],"wp:featuredmedia":[{"embeddable":true,"href":"https:\/\/javierperezvilla.com\/index.php?rest_route=\/wp\/v2\/media\/5579"}],"wp:attachment":[{"href":"https:\/\/javierperezvilla.com\/index.php?rest_route=%2Fwp%2Fv2%2Fmedia&parent=5578"}],"wp:term":[{"taxonomy":"category","embeddable":true,"href":"https:\/\/javierperezvilla.com\/index.php?rest_route=%2Fwp%2Fv2%2Fcategories&post=5578"},{"taxonomy":"post_tag","embeddable":true,"href":"https:\/\/javierperezvilla.com\/index.php?rest_route=%2Fwp%2Fv2%2Ftags&post=5578"}],"curies":[{"name":"wp","href":"https:\/\/api.w.org\/{rel}","templated":true}]}}