{"id":5607,"date":"2017-11-09T10:03:01","date_gmt":"2017-11-09T09:03:01","guid":{"rendered":"http:\/\/www.lawyersportslaw.com\/?p=5607"},"modified":"2017-11-09T10:03:01","modified_gmt":"2017-11-09T09:03:01","slug":"presentacion-instituto-espanol-mediacion-deportiva","status":"publish","type":"post","link":"https:\/\/javierperezvilla.com\/?p=5607","title":{"rendered":"Presentaci\u00f3n del Instituto Espa\u00f1ol de Mediaci\u00f3n Deportiva y Pacificaci\u00f3n."},"content":{"rendered":"<p>El pasado 7 de noviembre, tuve la fortuna de volver, casi 22 a\u00f1os despu\u00e9s, a la Residencia Joaqu\u00edn Blume de Madrid, sede del Consejo Superior de Deportes. Y esta vez,no acud\u00eda a ninguna concentraci\u00f3n del equipo nacional, y en vez de ch\u00e1ndal y judogi, vest\u00eda traje y corbata.<\/p>\n<p>La cita en \u00e9ste caso era la presentaci\u00f3n del <strong>Instituto Espa\u00f1ol de Mediaci\u00f3n Deportiva y Pacificaci\u00f3n<\/strong>. El acto fue abierto por el Secretario General T\u00e9cnico del Ministerio de Justicia <strong>D. Jos\u00e9 Am\u00e9rico Alonso<\/strong>, quien dio la palabra a <strong>D\u00aa Mar\u00eda Luisa Santana Delgado<\/strong>, presidenta del Instituto, quien dibuj\u00f3, en breves pinceladas, los dos principales prop\u00f3sitos del mismo. El primero, la gesti\u00f3n y resoluci\u00f3n del <strong>conflicto<\/strong> en el mundo del <strong>deporte<\/strong> mediante la <strong>mediaci\u00f3n<\/strong>. El segundo, la difusi\u00f3n y promoci\u00f3n de la <strong>mediaci\u00f3n<\/strong> desde el <strong>deporte<\/strong> base, hasta el profesional.<\/p>\n<p>Acto seguido, primero <strong>D\u00aa Maite Nadal<\/strong>, en representaci\u00f3n del Colegio de Abogados de Madrid, y despu\u00e9s <strong>D. Luis Aurelio Gonz\u00e1lez Mart\u00edn<\/strong>, presidente del Grupo Europeo de Magistrados para la Mediaci\u00f3n, ahondaron en la necesidad de utilizar la <strong>mediaci\u00f3n<\/strong> como m\u00e9todo alternativo de resoluci\u00f3n de disputas, en el concreto sector del deporte.<\/p>\n<p>Tras ellos, <strong>D. Vicente del Bosque<\/strong>, ex seleccionador nacional de f\u00fatbol, fue nombrado socio de honor del Instituto, y comparti\u00f3 con nosotros alguna experiencia en la que tuvo que mediar para gestionar alg\u00fan conflicto en el vestuario en su etapa como entrenador.<\/p>\n<p>Nace pues el <strong>Instituto Espa\u00f1ol de Mediaci\u00f3n Deportiva y Pacificaci\u00f3n<\/strong>, que junto a la <strong>Asociaci\u00f3n Espa\u00f1ola de Mediaci\u00f3n Deportiva<\/strong>, se convierten en los encargados de difundir la <strong>mediaci\u00f3n<\/strong>, no s\u00f3lo como medio extrajudicial de resoluci\u00f3n de controversias, en el mundo del deporte, sino tambi\u00e9n como herramienta para la vida, y parte de la formaci\u00f3n como personas de los deportistas.<\/p>\n<p>Mucha suerte a la compa\u00f1era Marisa Santana y todo su equipo en su nueva aventura.<\/p>\n<p>&nbsp;<\/p>\n<p><strong>Javier P\u00e9rez Villa<\/strong>.<\/p>\n","protected":false},"excerpt":{"rendered":"<p>El pasado 7 de noviembre, tuve la fortuna de volver, casi 22 a\u00f1os despu\u00e9s, a la Residencia Joaqu\u00edn Blume de Madrid, sede del Consejo Superior de Deportes. Y esta vez,no acud\u00eda a ninguna concentraci\u00f3n del equipo nacional, y en vez de ch\u00e1ndal y judogi, vest\u00eda&nbsp;<a class=\"read-more\" href=\"https:\/\/javierperezvilla.com\/?p=5607\">Leer m\u00e1s<\/a><\/p>\n","protected":false},"author":1,"featured_media":5608,"comment_status":"open","ping_status":"open","sticky":false,"template":"","format":"standard","meta":{"footnotes":""},"categories":[79],"tags":[],"class_list":["post-5607","post","type-post","status-publish","format-standard","has-post-thumbnail","hentry","category-noticias-derecho-deportivo"],"_links":{"self":[{"href":"https:\/\/javierperezvilla.com\/index.php?rest_route=\/wp\/v2\/posts\/5607","targetHints":{"allow":["GET"]}}],"collection":[{"href":"https:\/\/javierperezvilla.com\/index.php?rest_route=\/wp\/v2\/posts"}],"about":[{"href":"https:\/\/javierperezvilla.com\/index.php?rest_route=\/wp\/v2\/types\/post"}],"author":[{"embeddable":true,"href":"https:\/\/javierperezvilla.com\/index.php?rest_route=\/wp\/v2\/users\/1"}],"replies":[{"embeddable":true,"href":"https:\/\/javierperezvilla.com\/index.php?rest_route=%2Fwp%2Fv2%2Fcomments&post=5607"}],"version-history":[{"count":0,"href":"https:\/\/javierperezvilla.com\/index.php?rest_route=\/wp\/v2\/posts\/5607\/revisions"}],"wp:featuredmedia":[{"embeddable":true,"href":"https:\/\/javierperezvilla.com\/index.php?rest_route=\/wp\/v2\/media\/5608"}],"wp:attachment":[{"href":"https:\/\/javierperezvilla.com\/index.php?rest_route=%2Fwp%2Fv2%2Fmedia&parent=5607"}],"wp:term":[{"taxonomy":"category","embeddable":true,"href":"https:\/\/javierperezvilla.com\/index.php?rest_route=%2Fwp%2Fv2%2Fcategories&post=5607"},{"taxonomy":"post_tag","embeddable":true,"href":"https:\/\/javierperezvilla.com\/index.php?rest_route=%2Fwp%2Fv2%2Ftags&post=5607"}],"curies":[{"name":"wp","href":"https:\/\/api.w.org\/{rel}","templated":true}]}}