{"id":5877,"date":"2015-11-06T10:25:11","date_gmt":"2015-11-06T09:25:11","guid":{"rendered":"https:\/\/javierperezvilla.com\/?p=1219"},"modified":"2015-11-06T10:25:11","modified_gmt":"2015-11-06T09:25:11","slug":"el-tas-desestima-la-solicitud-de-rossi","status":"publish","type":"post","link":"https:\/\/javierperezvilla.com\/?p=5877","title":{"rendered":"El TAS desestima la apelaci\u00f3n de Rossi"},"content":{"rendered":"<p style=\"text-align:justify;\">Finalmente el TAS ha desestimado el recurso\u00a0de Rossi para\u00a0suspender cautelarmente la saci\u00f3n impuesta por la Federaci\u00f3n Internacional de Motociclismo el pasado d\u00eda 25, por la que el piloto italiano fue\u00a0penalizado con\u00a03 puntos tras el incidente con M\u00e1rquez en Malasia.<a href=\"https:\/\/javierperezvillaabogado.files.wordpress.com\/2015\/11\/valentino_rossi_running_out_of_front_tire_14023449353.jpg\"><img loading=\"lazy\" decoding=\"async\" class=\"alignleft size-medium wp-image-1220\" src=\"https:\/\/javierperezvillaabogado.files.wordpress.com\/2015\/11\/valentino_rossi_running_out_of_front_tire_14023449353.jpg?w=300\" alt=\"Valentino_Rossi_running_out_of_front_tire_(14023449353)\" width=\"300\" height=\"169\" srcset=\"https:\/\/javierperezvilla.com\/wp-content\/uploads\/2015\/11\/valentino_rossi_running_out_of_front_tire_14023449353.jpg 1024w, https:\/\/javierperezvilla.com\/wp-content\/uploads\/2015\/11\/valentino_rossi_running_out_of_front_tire_14023449353-300x169.jpg 300w, https:\/\/javierperezvilla.com\/wp-content\/uploads\/2015\/11\/valentino_rossi_running_out_of_front_tire_14023449353-768x432.jpg 768w\" sizes=\"auto, (max-width: 300px) 100vw, 300px\" \/><\/a><\/p>\n<p style=\"text-align:justify;\">En la vista que tuvo lugar ayer en Lausanne, el TAS no ha aceptado el recurso mediante el cual se solicitaba la suspensi\u00f3n cautelar de la sanci\u00f3n, por tanto\u00a0Rossi saldr\u00e1 desde la\u00a0\u00faltima posici\u00f3n este pr\u00f3ximo fin de semana\u00a0en el\u00a0Gran Premio de Valencia, que cierra la temporada.\u00a0Tal como recoge la normativa de la FMI,\u00a0si un piloto tiene cuatro puntos de sanci\u00f3n, deber\u00e1 comenzar la carrera en \u00faltima posici\u00f3n, por lo que al sumar a los 3 puntos, otro m\u00e1s por una sanci\u00f3n anterior a comienzos de a\u00f1o, el piloto tiene ahora un poco m\u00e1s dif\u00edcil hacerse con su d\u00e9cimo mundial.<\/p>\n<p style=\"text-align:justify;\">El comunicado p\u00fablico del TAS puede consultarse <strong><a href=\"http:\/\/www.tas-cas.org\/fileadmin\/user_upload\/Media_Release_4259_0511.pdf\" target=\"_blank\" rel=\"noopener\">aqu\u00ed<\/a><\/strong>.<\/p>\n<p style=\"text-align:justify;\">Javier P\u00e9rez Villa<\/p>\n","protected":false},"excerpt":{"rendered":"<p>Finalmente el TAS ha desestimado el recurso\u00a0de Rossi para\u00a0suspender cautelarmente la saci\u00f3n impuesta por la Federaci\u00f3n Internacional de Motociclismo el pasado d\u00eda 25, por la que el piloto italiano fue\u00a0penalizado con\u00a03 puntos tras el incidente con M\u00e1rquez en Malasia. En la vista que tuvo lugar&nbsp;<a class=\"read-more\" href=\"https:\/\/javierperezvilla.com\/?p=5877\">Leer m\u00e1s<\/a><\/p>\n","protected":false},"author":1,"featured_media":0,"comment_status":"open","ping_status":"open","sticky":false,"template":"","format":"gallery","meta":{"footnotes":""},"categories":[79],"tags":[35,94,7,37],"class_list":["post-5877","post","type-post","status-publish","format-gallery","hentry","category-noticias-derecho-deportivo","tag-cas","tag-motociclismo","tag-noticias-2","tag-tas","post_format-post-format-gallery"],"_links":{"self":[{"href":"https:\/\/javierperezvilla.com\/index.php?rest_route=\/wp\/v2\/posts\/5877","targetHints":{"allow":["GET"]}}],"collection":[{"href":"https:\/\/javierperezvilla.com\/index.php?rest_route=\/wp\/v2\/posts"}],"about":[{"href":"https:\/\/javierperezvilla.com\/index.php?rest_route=\/wp\/v2\/types\/post"}],"author":[{"embeddable":true,"href":"https:\/\/javierperezvilla.com\/index.php?rest_route=\/wp\/v2\/users\/1"}],"replies":[{"embeddable":true,"href":"https:\/\/javierperezvilla.com\/index.php?rest_route=%2Fwp%2Fv2%2Fcomments&post=5877"}],"version-history":[{"count":0,"href":"https:\/\/javierperezvilla.com\/index.php?rest_route=\/wp\/v2\/posts\/5877\/revisions"}],"wp:attachment":[{"href":"https:\/\/javierperezvilla.com\/index.php?rest_route=%2Fwp%2Fv2%2Fmedia&parent=5877"}],"wp:term":[{"taxonomy":"category","embeddable":true,"href":"https:\/\/javierperezvilla.com\/index.php?rest_route=%2Fwp%2Fv2%2Fcategories&post=5877"},{"taxonomy":"post_tag","embeddable":true,"href":"https:\/\/javierperezvilla.com\/index.php?rest_route=%2Fwp%2Fv2%2Ftags&post=5877"}],"curies":[{"name":"wp","href":"https:\/\/api.w.org\/{rel}","templated":true}]}}