{"id":5878,"date":"2015-11-30T16:31:36","date_gmt":"2015-11-30T15:31:36","guid":{"rendered":"https:\/\/javierperezvilla.com\/?p=1252"},"modified":"2015-11-30T16:31:36","modified_gmt":"2015-11-30T15:31:36","slug":"modificacion-del-convenio-colectivo-del-futbol-profesional","status":"publish","type":"post","link":"https:\/\/javierperezvilla.com\/?p=5878","title":{"rendered":"Modificaci\u00f3n del convenio colectivo del f\u00fatbol profesional"},"content":{"rendered":"<p style=\"text-align:justify;\"><img loading=\"lazy\" decoding=\"async\" class=\"aligncenter size-medium wp-image-1296\" src=\"https:\/\/javierperezvillaabogado.files.wordpress.com\/2015\/11\/lossitiosabogadospizarrafutbol.jpg?w=300\" alt=\"\" width=\"300\" height=\"200\" \/>El 19 de noviembre, el Bolet\u00edn Oficial del Estado public\u00f3 el acuerdo por el cual se modifica el convenio colectivo vigente hasta el 1 de julio de 2016 para el f\u00fatbol profesional.<\/p>\n<p style=\"text-align:justify;\">En esta nueva modificaci\u00f3n afecta a los horarios, las, al acceso a los estadios, e incluye un nuevo art\u00edculo 45, en el que se establece como causa justa de\u00a0rescisi\u00f3n del contrato de trabajo por parte del deportista, el supuesto de descenso de categor\u00eda del Club, por causas no deportivas.<\/p>\n<p style=\"text-align:justify;\">Si quieres obtener una copia del citado acuerdo <a href=\"https:\/\/www.boe.es\/boe\/dias\/2015\/11\/19\/pdfs\/BOE-A-2015-12502.pdf\" target=\"_blank\" rel=\"noopener\">pincha aqu\u00ed.\u00a0<\/a><\/p>\n<p>Javier P\u00e9rez Villa<\/p>\n","protected":false},"excerpt":{"rendered":"<p>El 19 de noviembre, el Bolet\u00edn Oficial del Estado public\u00f3 el acuerdo por el cual se modifica el convenio colectivo vigente hasta el 1 de julio de 2016 para el f\u00fatbol profesional. En esta nueva modificaci\u00f3n afecta a los horarios, las, al acceso a los&nbsp;<a class=\"read-more\" href=\"https:\/\/javierperezvilla.com\/?p=5878\">Leer m\u00e1s<\/a><\/p>\n","protected":false},"author":1,"featured_media":0,"comment_status":"open","ping_status":"open","sticky":false,"template":"","format":"gallery","meta":{"footnotes":""},"categories":[79],"tags":[],"class_list":["post-5878","post","type-post","status-publish","format-gallery","hentry","category-noticias-derecho-deportivo","post_format-post-format-gallery"],"_links":{"self":[{"href":"https:\/\/javierperezvilla.com\/index.php?rest_route=\/wp\/v2\/posts\/5878","targetHints":{"allow":["GET"]}}],"collection":[{"href":"https:\/\/javierperezvilla.com\/index.php?rest_route=\/wp\/v2\/posts"}],"about":[{"href":"https:\/\/javierperezvilla.com\/index.php?rest_route=\/wp\/v2\/types\/post"}],"author":[{"embeddable":true,"href":"https:\/\/javierperezvilla.com\/index.php?rest_route=\/wp\/v2\/users\/1"}],"replies":[{"embeddable":true,"href":"https:\/\/javierperezvilla.com\/index.php?rest_route=%2Fwp%2Fv2%2Fcomments&post=5878"}],"version-history":[{"count":0,"href":"https:\/\/javierperezvilla.com\/index.php?rest_route=\/wp\/v2\/posts\/5878\/revisions"}],"wp:attachment":[{"href":"https:\/\/javierperezvilla.com\/index.php?rest_route=%2Fwp%2Fv2%2Fmedia&parent=5878"}],"wp:term":[{"taxonomy":"category","embeddable":true,"href":"https:\/\/javierperezvilla.com\/index.php?rest_route=%2Fwp%2Fv2%2Fcategories&post=5878"},{"taxonomy":"post_tag","embeddable":true,"href":"https:\/\/javierperezvilla.com\/index.php?rest_route=%2Fwp%2Fv2%2Ftags&post=5878"}],"curies":[{"name":"wp","href":"https:\/\/api.w.org\/{rel}","templated":true}]}}