{"id":5892,"date":"2016-02-03T10:15:43","date_gmt":"2016-02-03T09:15:43","guid":{"rendered":"https:\/\/javierperezvilla.com\/?p=1544"},"modified":"2016-02-03T10:15:43","modified_gmt":"2016-02-03T09:15:43","slug":"el-tas-se-pronuncia-sobre-la-sancion-a-la-federacion-bulgara-de-halterofilia","status":"publish","type":"post","link":"https:\/\/javierperezvilla.com\/?p=5892","title":{"rendered":"El TAS se pronuncia sobre la sanci\u00f3n a la Federaci\u00f3n B\u00falgara de Halterofilia"},"content":{"rendered":"<p style=\"text-align:justify;\">El pasado d\u00eda 29, el <strong>TAS<\/strong> hizo publica una nota anunciando su decisi\u00f3n en el procedimiento que enfrenta a la <strong>Federaci\u00f3n B\u00falgara de Halterofilia<\/strong> con la \u00a0Federaci\u00f3n Internacional de Halterofilia.<\/p>\n<p style=\"text-align:justify;\"><a href=\"https:\/\/javierperezvilla.com\/wp-content\/uploads\/2016\/02\/barbell-sun-1bw.jpg\" rel=\"attachment wp-att-1545\"><img loading=\"lazy\" decoding=\"async\" class=\"alignleft size-medium wp-image-1545\" src=\"https:\/\/javierperezvilla.com\/wp-content\/uploads\/2016\/02\/barbell-sun-1bw.jpg?w=300\" alt=\"barbell-sun-1bw\" width=\"300\" height=\"168\" \/><\/a><\/p>\n<p style=\"text-align:justify;\">El <strong>TAS<\/strong> ha ratificado la decisi\u00f3n de suspender a la federaci\u00f3n b\u00falgara por la que no podr\u00e1 tomar parte en la pr\u00f3xima edici\u00f3n de los juegos ol\u00edmpicos.\u00a0Por el contrario,\u00a0ha desestimado el pago de la sanci\u00f3n que ascend\u00eda a 500.000 d\u00f3lares, al considerar que el presidente de la FIH no tiene competencia jur\u00eddica para tomar esta decisi\u00f3n de manera individual. Estas sanciones fueron impuestas en un primer momento por la Federaci\u00f3n Internacional de Halterofilia despu\u00e9s de que 11 atletas infringiesen la normativa antidopaje.<\/p>\n<p style=\"text-align:justify;\">El comunicado del TAS est\u00e1 disponible en el siguiente <a href=\"http:\/\/www.tas-cas.org\/fileadmin\/user_upload\/Media_Release_4319_decision.pdf\" target=\"_blank\" rel=\"noopener\"><strong>enlace<\/strong>.<\/a><\/p>\n<p style=\"text-align:justify;\">Javier P\u00e9rez Villa<\/p>\n","protected":false},"excerpt":{"rendered":"<p>El pasado d\u00eda 29, el TAS hizo publica una nota anunciando su decisi\u00f3n en el procedimiento que enfrenta a la Federaci\u00f3n B\u00falgara de Halterofilia con la \u00a0Federaci\u00f3n Internacional de Halterofilia. El TAS ha ratificado la decisi\u00f3n de suspender a la federaci\u00f3n b\u00falgara por la que&nbsp;<a class=\"read-more\" href=\"https:\/\/javierperezvilla.com\/?p=5892\">Leer m\u00e1s<\/a><\/p>\n","protected":false},"author":1,"featured_media":0,"comment_status":"open","ping_status":"open","sticky":false,"template":"","format":"image","meta":{"footnotes":""},"categories":[79],"tags":[3,46,81,37],"class_list":["post-5892","post","type-post","status-publish","format-image","hentry","category-noticias-derecho-deportivo","tag-derecho-deportivo-2","tag-dopaje","tag-doping-2","tag-tas","post_format-post-format-image"],"_links":{"self":[{"href":"https:\/\/javierperezvilla.com\/index.php?rest_route=\/wp\/v2\/posts\/5892","targetHints":{"allow":["GET"]}}],"collection":[{"href":"https:\/\/javierperezvilla.com\/index.php?rest_route=\/wp\/v2\/posts"}],"about":[{"href":"https:\/\/javierperezvilla.com\/index.php?rest_route=\/wp\/v2\/types\/post"}],"author":[{"embeddable":true,"href":"https:\/\/javierperezvilla.com\/index.php?rest_route=\/wp\/v2\/users\/1"}],"replies":[{"embeddable":true,"href":"https:\/\/javierperezvilla.com\/index.php?rest_route=%2Fwp%2Fv2%2Fcomments&post=5892"}],"version-history":[{"count":0,"href":"https:\/\/javierperezvilla.com\/index.php?rest_route=\/wp\/v2\/posts\/5892\/revisions"}],"wp:attachment":[{"href":"https:\/\/javierperezvilla.com\/index.php?rest_route=%2Fwp%2Fv2%2Fmedia&parent=5892"}],"wp:term":[{"taxonomy":"category","embeddable":true,"href":"https:\/\/javierperezvilla.com\/index.php?rest_route=%2Fwp%2Fv2%2Fcategories&post=5892"},{"taxonomy":"post_tag","embeddable":true,"href":"https:\/\/javierperezvilla.com\/index.php?rest_route=%2Fwp%2Fv2%2Ftags&post=5892"}],"curies":[{"name":"wp","href":"https:\/\/api.w.org\/{rel}","templated":true}]}}