{"id":6264,"date":"2023-11-20T09:00:00","date_gmt":"2023-11-20T09:00:00","guid":{"rendered":"https:\/\/javierperezvilla.com\/?p=6264"},"modified":"2023-12-27T15:21:58","modified_gmt":"2023-12-27T15:21:58","slug":"tarazona-iv-jornadas-habitos-y-estilos-saludables","status":"publish","type":"post","link":"https:\/\/javierperezvilla.com\/?p=6264","title":{"rendered":"TARAZONA. IV JORNADAS H\u00c1BITOS Y ESTILOS SALUDABLES."},"content":{"rendered":"\n<p class=\"has-medium-font-size\">Como siempre, fue un placer volver a Tarazona, el pasado 2 de noviembre, \u00e9sta vez para participar en la <strong>IV Jornadas H\u00e1bitos y estilos saludables<\/strong>, hablando sobre la <strong>fiscalidad de los clubes deportivos, en Arag\u00f3n. <\/strong><\/p>\n\n\n\n<p class=\"has-medium-font-size\">Repasamos los distintos tributos que gravan la actividad deportiva, las obligaciones formales, la financiaci\u00f3n en el deporte, y el impacto del mecenazgo en el sector.<\/p>\n\n\n\n<p class=\"has-medium-font-size\">Mi agradecimiento al Excmo. Ayuntamiento de Tarazona, especialmente a Pablo Escribano Mart\u00ednez, Delegado de Deportes, a Manuel Guedea Mart\u00edn, Presidente de la Asociaci\u00f3n de Derecho Deportivo de Arag\u00f3n, por contar conmigo para la ocasi\u00f3n, y a todos los asistentes al acto.   <\/p>\n\n\n\n<p class=\"has-medium-font-size\">Espero volver pronto. <\/p>\n\n\n\n<p class=\"has-medium-font-size\"><strong>Javier P\u00e9rez Villa<\/strong>. <\/p>\n\n\n\n<p class=\"has-small-font-size\">Imagen: www.tarazona.es\/tarazona-tematico\/deportes<\/p>\n","protected":false},"excerpt":{"rendered":"<p>Como siempre, fue un placer volver a Tarazona, el pasado 2 de noviembre, \u00e9sta vez para participar en la IV Jornadas H\u00e1bitos y estilos saludables, hablando sobre la fiscalidad de los clubes deportivos, en Arag\u00f3n. Repasamos los distintos tributos que gravan la actividad deportiva, las&nbsp;<a class=\"read-more\" href=\"https:\/\/javierperezvilla.com\/?p=6264\">Leer m\u00e1s<\/a><\/p>\n","protected":false},"author":1,"featured_media":6265,"comment_status":"open","ping_status":"open","sticky":false,"template":"","format":"standard","meta":{"footnotes":""},"categories":[101,148,133,32],"tags":[3],"class_list":["post-6264","post","type-post","status-publish","format-standard","has-post-thumbnail","hentry","category-eventos-derecho-deportivo","category-fiscalidad","category-lawyer-sports-law-en-prensa","category-sports-law-2","tag-derecho-deportivo-2"],"_links":{"self":[{"href":"https:\/\/javierperezvilla.com\/index.php?rest_route=\/wp\/v2\/posts\/6264","targetHints":{"allow":["GET"]}}],"collection":[{"href":"https:\/\/javierperezvilla.com\/index.php?rest_route=\/wp\/v2\/posts"}],"about":[{"href":"https:\/\/javierperezvilla.com\/index.php?rest_route=\/wp\/v2\/types\/post"}],"author":[{"embeddable":true,"href":"https:\/\/javierperezvilla.com\/index.php?rest_route=\/wp\/v2\/users\/1"}],"replies":[{"embeddable":true,"href":"https:\/\/javierperezvilla.com\/index.php?rest_route=%2Fwp%2Fv2%2Fcomments&post=6264"}],"version-history":[{"count":0,"href":"https:\/\/javierperezvilla.com\/index.php?rest_route=\/wp\/v2\/posts\/6264\/revisions"}],"wp:featuredmedia":[{"embeddable":true,"href":"https:\/\/javierperezvilla.com\/index.php?rest_route=\/wp\/v2\/media\/6265"}],"wp:attachment":[{"href":"https:\/\/javierperezvilla.com\/index.php?rest_route=%2Fwp%2Fv2%2Fmedia&parent=6264"}],"wp:term":[{"taxonomy":"category","embeddable":true,"href":"https:\/\/javierperezvilla.com\/index.php?rest_route=%2Fwp%2Fv2%2Fcategories&post=6264"},{"taxonomy":"post_tag","embeddable":true,"href":"https:\/\/javierperezvilla.com\/index.php?rest_route=%2Fwp%2Fv2%2Ftags&post=6264"}],"curies":[{"name":"wp","href":"https:\/\/api.w.org\/{rel}","templated":true}]}}