{"id":6272,"date":"2023-11-07T16:24:32","date_gmt":"2023-11-07T16:24:32","guid":{"rendered":"https:\/\/javierperezvilla.com\/?p=6272"},"modified":"2023-11-07T16:26:19","modified_gmt":"2023-11-07T16:26:19","slug":"el-tribunal-supremo-aclara-la-validez-de-los-certificados-de-residencia-fiscal-en-el-extranjero","status":"publish","type":"post","link":"https:\/\/javierperezvilla.com\/?p=6272","title":{"rendered":"El Tribunal Supremo aclara la validez de los certificados de residencia fiscal en el extranjero."},"content":{"rendered":"\n<p class=\"has-medium-font-size\">Cuando se discute con la Agencia Tributaria, sobre la residencia fiscal de una persona, a los efectos de su tributaci\u00f3n en el IRPF, en Espa\u00f1a, quienes llevamos unos cuantos a\u00f1os en la brecha, nos solemos encontrar con que, tanto la Agencia, como la Administraci\u00f3n de Justicia, entran a valorar la eficacia probatoria, a los efectos de fijar la residencia en uno u otro estado, de los certificados de residencia fiscal, emitidos por la autoridades tributarias extranjeras, a los efectos de los Convenios de doble imposici\u00f3n. <\/p>\n\n\n\n<p class=\"has-medium-font-size\">No es la primera vez que he tenido que escuchar el \u00abya sabemos todos, c\u00f3mo se emiten esos certificados de residencia&#8230;\u00bb <\/p>\n\n\n\n<p class=\"has-medium-font-size\">Casi sistem\u00e1ticamente, la Administraci\u00f3n (Agencia Tributaria, Tribunales Econ\u00f3mico Administrativos, y Tribunales de Justicia), han relegado estos documentos a la categor\u00eda de meros indicios, a los efectos de acreditar la residencia de una persona, lejos del peso que deber\u00edan tener,  y que deriva de la norma, en \u00e9ste caso, los convenios de doble imposici\u00f3n firmados por Espa\u00f1a con otros Estados.  <\/p>\n\n\n\n<p class=\"has-medium-font-size\">Pues bien, el Tribunal Supremo, en Sentencia de 12 de junio de 2.023, se ha pronunciado sobre la validez y eficacia de \u00e9stos certificados, dejando sentados varios criterios, que espero que en el futuro, clarifiquen la situaci\u00f3n, y eviten el grado de litigiosidad, actualmente existente.<\/p>\n\n\n\n<p class=\"has-medium-font-size\">El alto Tribunal establece, que ni la Administraci\u00f3n Tributaria, ni los \u00f3rganos judiciales nacionales, son competentes para enjuiciar las circunstancias en las que se ha expedido un certificado de residencia fiscal por otro Estado, no pudiendo prescindir del contenido de un certificado de residencia fiscal emitido por las autoridades fiscales de un pa\u00eds que haya suscrito con Espa\u00f1a un Convenio de Doble Imposici\u00f3n, cuando dicho certificado se ha extendido a los efectos del Convenio. <\/p>\n\n\n\n<p class=\"has-medium-font-size\">Adem\u00e1s, y al objeto de analizar si hay conflicto de residencia, la validez del certificado de residencia se presume, no pudiendo rechazarse su contenido.<\/p>\n\n\n\n<p class=\"has-medium-font-size\">Bienvenida sea algo de certidumbre y calma, en \u00e9stas aguas tan turbulentas. <\/p>\n\n\n\n<p class=\"has-medium-font-size\"> Javier P\u00e9rez Villa.<\/p>\n\n\n\n<p class=\"has-small-font-size\">Imagen teravector en Freepik<\/p>\n","protected":false},"excerpt":{"rendered":"<p>Cuando se discute con la Agencia Tributaria, sobre la residencia fiscal de una persona, a los efectos de su tributaci\u00f3n en el IRPF, en Espa\u00f1a, quienes llevamos unos cuantos a\u00f1os en la brecha, nos solemos encontrar con que, tanto la Agencia, como la Administraci\u00f3n de&nbsp;<a class=\"read-more\" href=\"https:\/\/javierperezvilla.com\/?p=6272\">Leer m\u00e1s<\/a><\/p>\n","protected":false},"author":1,"featured_media":6276,"comment_status":"open","ping_status":"open","sticky":false,"template":"","format":"standard","meta":{"footnotes":""},"categories":[148,102,134,31,1],"tags":[],"class_list":["post-6272","post","type-post","status-publish","format-standard","has-post-thumbnail","hentry","category-fiscalidad","category-football","category-futbol-en","category-internacional","category-uncategorized"],"_links":{"self":[{"href":"https:\/\/javierperezvilla.com\/index.php?rest_route=\/wp\/v2\/posts\/6272","targetHints":{"allow":["GET"]}}],"collection":[{"href":"https:\/\/javierperezvilla.com\/index.php?rest_route=\/wp\/v2\/posts"}],"about":[{"href":"https:\/\/javierperezvilla.com\/index.php?rest_route=\/wp\/v2\/types\/post"}],"author":[{"embeddable":true,"href":"https:\/\/javierperezvilla.com\/index.php?rest_route=\/wp\/v2\/users\/1"}],"replies":[{"embeddable":true,"href":"https:\/\/javierperezvilla.com\/index.php?rest_route=%2Fwp%2Fv2%2Fcomments&post=6272"}],"version-history":[{"count":0,"href":"https:\/\/javierperezvilla.com\/index.php?rest_route=\/wp\/v2\/posts\/6272\/revisions"}],"wp:featuredmedia":[{"embeddable":true,"href":"https:\/\/javierperezvilla.com\/index.php?rest_route=\/wp\/v2\/media\/6276"}],"wp:attachment":[{"href":"https:\/\/javierperezvilla.com\/index.php?rest_route=%2Fwp%2Fv2%2Fmedia&parent=6272"}],"wp:term":[{"taxonomy":"category","embeddable":true,"href":"https:\/\/javierperezvilla.com\/index.php?rest_route=%2Fwp%2Fv2%2Fcategories&post=6272"},{"taxonomy":"post_tag","embeddable":true,"href":"https:\/\/javierperezvilla.com\/index.php?rest_route=%2Fwp%2Fv2%2Ftags&post=6272"}],"curies":[{"name":"wp","href":"https:\/\/api.w.org\/{rel}","templated":true}]}}