{"id":648,"date":"2015-05-22T08:30:58","date_gmt":"2015-05-22T06:30:58","guid":{"rendered":"http:\/\/lossitiosabogados.com\/blog\/?p=648"},"modified":"2015-05-22T08:30:58","modified_gmt":"2015-05-22T06:30:58","slug":"greg-van-aermaet-absuelto-en-un-caso-de-dopaje","status":"publish","type":"post","link":"https:\/\/javierperezvilla.com\/?p=648","title":{"rendered":"Greg Van Avermaet absuelto en un caso de dopaje"},"content":{"rendered":"<p style=\"text-align:justify;\">La Comisi\u00f3n de Disciplina de la Federaci\u00f3n Belga de Ciclismo ha absuelto al ciclista de BMC, Greg Van Avermaet, en el caso de <strong>dopaje<\/strong> por el que se enfrentaba\u00a0hasta a dos a\u00f1os de sanci\u00f3n.<\/p>\n<p style=\"text-align:justify;\">\n<strong><img loading=\"lazy\" decoding=\"async\" class=\" size-medium wp-image-649 alignright\" src=\"http:\/\/lossitiosabogados.com\/blog\/wp-content\/uploads\/round-585247_640-300x200.jpg\" alt=\"\" width=\"300\" height=\"200\" \/>La C<strong>omisi\u00f3n A<\/strong>ntidopaje<\/strong> de la Federaci\u00f3n Belga de Ciclismo acus\u00f3 al ciclista de <strong>dopaje<\/strong>, proponiendo una sanci\u00f3n de inhabilitaci\u00f3n m\u00e1s una multa de 262.000 euros, pero finalmente, el Comit\u00e9 de Disciplina no ha encontrado indicios que fundamentasen la acusaci\u00f3n de la Comisi\u00f3n Antidopaje.<\/p>\n<p style=\"text-align:justify;\">Van Avermaet se declar\u00f3 en todo momento inocente, y pese a que\u00a0s\u00ed que admiti\u00f3\u00a0conocer al doctor Mertens, dado que la federaci\u00f3n basaba su acusaci\u00f3n en una serie de mensajes que el corredor y el m\u00e9dico intercambiaron entre los a\u00f1os 2009 y\u00a0 2012, neg\u00f3 tener nada que ver con\u00a0pr\u00e1cticas ilegales. Reconoc\u00eda tomar cortisona para tratarse una lesi\u00f3n, pero estaba en posesi\u00f3n de un certificado m\u00e9dico.<\/p>\n<p style=\"text-align:justify;\">Javier P\u00e9rez Villa<\/p>\n","protected":false},"excerpt":{"rendered":"<p>La Comisi\u00f3n de Disciplina de la Federaci\u00f3n Belga de Ciclismo ha absuelto al ciclista de BMC, Greg Van Avermaet, en el caso de dopaje por el que se enfrentaba\u00a0hasta a dos a\u00f1os de sanci\u00f3n. La Comisi\u00f3n Antidopaje de la Federaci\u00f3n Belga de Ciclismo acus\u00f3 al&nbsp;<a class=\"read-more\" href=\"https:\/\/javierperezvilla.com\/?p=648\">Leer m\u00e1s<\/a><\/p>\n","protected":false},"author":1,"featured_media":0,"comment_status":"open","ping_status":"open","sticky":false,"template":"","format":"standard","meta":{"footnotes":""},"categories":[79],"tags":[34,80,81,7],"class_list":["post-648","post","type-post","status-publish","format-standard","hentry","category-noticias-derecho-deportivo","tag-antidopaje","tag-ciclismo-2","tag-doping-2","tag-noticias-2"],"_links":{"self":[{"href":"https:\/\/javierperezvilla.com\/index.php?rest_route=\/wp\/v2\/posts\/648","targetHints":{"allow":["GET"]}}],"collection":[{"href":"https:\/\/javierperezvilla.com\/index.php?rest_route=\/wp\/v2\/posts"}],"about":[{"href":"https:\/\/javierperezvilla.com\/index.php?rest_route=\/wp\/v2\/types\/post"}],"author":[{"embeddable":true,"href":"https:\/\/javierperezvilla.com\/index.php?rest_route=\/wp\/v2\/users\/1"}],"replies":[{"embeddable":true,"href":"https:\/\/javierperezvilla.com\/index.php?rest_route=%2Fwp%2Fv2%2Fcomments&post=648"}],"version-history":[{"count":0,"href":"https:\/\/javierperezvilla.com\/index.php?rest_route=\/wp\/v2\/posts\/648\/revisions"}],"wp:attachment":[{"href":"https:\/\/javierperezvilla.com\/index.php?rest_route=%2Fwp%2Fv2%2Fmedia&parent=648"}],"wp:term":[{"taxonomy":"category","embeddable":true,"href":"https:\/\/javierperezvilla.com\/index.php?rest_route=%2Fwp%2Fv2%2Fcategories&post=648"},{"taxonomy":"post_tag","embeddable":true,"href":"https:\/\/javierperezvilla.com\/index.php?rest_route=%2Fwp%2Fv2%2Ftags&post=648"}],"curies":[{"name":"wp","href":"https:\/\/api.w.org\/{rel}","templated":true}]}}