{"id":729,"date":"2015-06-10T11:18:47","date_gmt":"2015-06-10T09:18:47","guid":{"rendered":"http:\/\/lossitiosabogados.com\/blog\/?p=729"},"modified":"2015-06-10T11:18:47","modified_gmt":"2015-06-10T09:18:47","slug":"la-uci-y-la-ama-desestiman-solicitar-la-sancion-a-roman-kreuziger","status":"publish","type":"post","link":"https:\/\/javierperezvilla.com\/?p=729","title":{"rendered":"La UCI y la AMA desestiman solicitar la sanci\u00f3n a Roman Kreuziger"},"content":{"rendered":"<p style=\"text-align:justify;\">El ciclista checo Roman Kreuziger pone fin a la incertidumbre en la que ha vivido durante los \u00faltimos doce meses, tras la decisi\u00f3n de la Agencia Mundial Antidopaje\u00a0y la Uni\u00f3n Ciclista Internacional de retirar la apelaci\u00f3n sobre\u00a0presuntas irregularidades detectadas en su pasaporte biol\u00f3gico, que iban a formalizar\u00a0ante el Tribunal de Arbitraje Deportivo, seg\u00fan fuentes del diario\u00a0<a href=\"http:\/\/www.theguardian.com\/sport\/2015\/jun\/05\/uci-wada-roman-kreuziger-drop-case\">The Guardian.<\/a><\/p>\n<p style=\"text-align:justify;\"><img loading=\"lazy\" decoding=\"async\" class=\"alignright size-medium wp-image-735\" src=\"http:\/\/lossitiosabogados.com\/blog\/wp-content\/uploads\/cycling-40757_1280-300x238.png\" alt=\"cycling-40757_1280\" width=\"300\" height=\"238\" \/><\/p>\n<p style=\"text-align:justify;\">A mediados de 2013, se abri\u00f3 un expediente al ciclista checo tras realizarse un an\u00e1lisis de sus datos biol\u00f3gicos y comprobar una serie de anomal\u00edas que suger\u00edan que el corredor podr\u00eda haber estado tomando sustancias <strong>dopantes<\/strong> entre 2011 y 2012. Tras justificar por su parte dichas anomal\u00edas, la UCI solicit\u00f3 el pasado a\u00f1o la apertura de un expediente sancionador,\u00a0que hizo que no pudiese participar en la edici\u00f3n del Tour de Francia de 2014.<\/p>\n<p style=\"text-align:justify;\">En octubre del mismo a\u00f1o, el Comit\u00e9 Ol\u00edmpico Checo daba la raz\u00f3n a Kreuziger, pero tanto la UCI como la AMA decidieron apelar ante el TAS, cuya vista estaba se\u00f1alada paraesta semana. Finalmente, ambas organizaciones decid\u00edan retirar la apelaci\u00f3n al obtener\u00a0nuevos datos que no les permit\u00edan sostener la acusaci\u00f3n sobre el corredor.<\/p>\n<p style=\"text-align:justify;\">Javier P\u00e9rez Villa<\/p>\n","protected":false},"excerpt":{"rendered":"<p>El ciclista checo Roman Kreuziger pone fin a la incertidumbre en la que ha vivido durante los \u00faltimos doce meses, tras la decisi\u00f3n de la Agencia Mundial Antidopaje\u00a0y la Uni\u00f3n Ciclista Internacional de retirar la apelaci\u00f3n sobre\u00a0presuntas irregularidades detectadas en su pasaporte biol\u00f3gico, que iban&nbsp;<a class=\"read-more\" href=\"https:\/\/javierperezvilla.com\/?p=729\">Leer m\u00e1s<\/a><\/p>\n","protected":false},"author":1,"featured_media":0,"comment_status":"open","ping_status":"open","sticky":false,"template":"","format":"standard","meta":{"footnotes":""},"categories":[79],"tags":[],"class_list":["post-729","post","type-post","status-publish","format-standard","hentry","category-noticias-derecho-deportivo"],"_links":{"self":[{"href":"https:\/\/javierperezvilla.com\/index.php?rest_route=\/wp\/v2\/posts\/729","targetHints":{"allow":["GET"]}}],"collection":[{"href":"https:\/\/javierperezvilla.com\/index.php?rest_route=\/wp\/v2\/posts"}],"about":[{"href":"https:\/\/javierperezvilla.com\/index.php?rest_route=\/wp\/v2\/types\/post"}],"author":[{"embeddable":true,"href":"https:\/\/javierperezvilla.com\/index.php?rest_route=\/wp\/v2\/users\/1"}],"replies":[{"embeddable":true,"href":"https:\/\/javierperezvilla.com\/index.php?rest_route=%2Fwp%2Fv2%2Fcomments&post=729"}],"version-history":[{"count":0,"href":"https:\/\/javierperezvilla.com\/index.php?rest_route=\/wp\/v2\/posts\/729\/revisions"}],"wp:attachment":[{"href":"https:\/\/javierperezvilla.com\/index.php?rest_route=%2Fwp%2Fv2%2Fmedia&parent=729"}],"wp:term":[{"taxonomy":"category","embeddable":true,"href":"https:\/\/javierperezvilla.com\/index.php?rest_route=%2Fwp%2Fv2%2Fcategories&post=729"},{"taxonomy":"post_tag","embeddable":true,"href":"https:\/\/javierperezvilla.com\/index.php?rest_route=%2Fwp%2Fv2%2Ftags&post=729"}],"curies":[{"name":"wp","href":"https:\/\/api.w.org\/{rel}","templated":true}]}}