{"id":749,"date":"2015-06-12T08:30:13","date_gmt":"2015-06-12T06:30:13","guid":{"rendered":"http:\/\/lossitiosabogados.com\/blog\/?p=749"},"modified":"2015-06-12T08:30:13","modified_gmt":"2015-06-12T06:30:13","slug":"el-elche-luchara-por-mantener-la-categoria","status":"publish","type":"post","link":"https:\/\/javierperezvilla.com\/?p=749","title":{"rendered":"El Elche luchar\u00e1 por mantener la categor\u00eda"},"content":{"rendered":"<p style=\"text-align:justify;\">El consejo de administraci\u00f3n del Elche\u00a0ha decidido esperar hasta el pr\u00f3ximo 26 de junio, d\u00eda que finaliza el\u00a0plazo, para presentar el recurso al Tribunal Administrativo del Deporte (TAD) despu\u00e9s de que el pasado viernes, el\u00a0 Juez de Disciplina\u00a0Social de la Liga de F\u00fatbol Profesional (LFP) tomase la decisi\u00f3n de descender administrativamente de categor\u00eda al club.<img loading=\"lazy\" decoding=\"async\" class=\"alignright size-medium wp-image-755\" src=\"http:\/\/lossitiosabogados.com\/blog\/wp-content\/uploads\/Escudo_Elche_CF-245x300.png\" alt=\"Elche_CF\" width=\"245\" height=\"300\" \/><\/p>\n<p style=\"text-align:justify;\">El Juez de Disciplina Social resolv\u00eda descender al club a segunda divisi\u00f3n debido a\u00a0las deudas que mantiene con la Agencia Tributaria, que ya hab\u00eda sido sancionado la temporada pasada tambi\u00e9n por cometer infracciones que la Ley del Deporte y los Estatutos Sociales de la Liga considera como \u00abmuy graves\u00bb. Adem\u00e1s del descenso, el Juez impon\u00eda tambi\u00e9n una multa econ\u00f3mica que supera los 180.000 euros<\/p>\n<p style=\"text-align:justify;\">En los\u00a0d\u00edas que restan\u00a0hasta que finalice el plazo, el club pretende negociar un pago aplazado con la Agencia Tributaria, para poder conseguir el certificado positivo que deber\u00edan presentar ante el TAD. Esperan que con el recurso y el pago de la deuda no aplazable con Hacienda, el club pueda comenzar la pr\u00f3xima temporada en primera divisi\u00f3n.<\/p>\n<p style=\"text-align:justify;\">Javier P\u00e9rez Villa<\/p>\n","protected":false},"excerpt":{"rendered":"<p>El consejo de administraci\u00f3n del Elche\u00a0ha decidido esperar hasta el pr\u00f3ximo 26 de junio, d\u00eda que finaliza el\u00a0plazo, para presentar el recurso al Tribunal Administrativo del Deporte (TAD) despu\u00e9s de que el pasado viernes, el\u00a0 Juez de Disciplina\u00a0Social de la Liga de F\u00fatbol Profesional (LFP)&nbsp;<a class=\"read-more\" href=\"https:\/\/javierperezvilla.com\/?p=749\">Leer m\u00e1s<\/a><\/p>\n","protected":false},"author":1,"featured_media":0,"comment_status":"open","ping_status":"open","sticky":false,"template":"","format":"standard","meta":{"footnotes":""},"categories":[79],"tags":[11,3,22,7],"class_list":["post-749","post","type-post","status-publish","format-standard","hentry","category-noticias-derecho-deportivo","tag-derecho-del-futbol","tag-derecho-deportivo-2","tag-lfp","tag-noticias-2"],"_links":{"self":[{"href":"https:\/\/javierperezvilla.com\/index.php?rest_route=\/wp\/v2\/posts\/749","targetHints":{"allow":["GET"]}}],"collection":[{"href":"https:\/\/javierperezvilla.com\/index.php?rest_route=\/wp\/v2\/posts"}],"about":[{"href":"https:\/\/javierperezvilla.com\/index.php?rest_route=\/wp\/v2\/types\/post"}],"author":[{"embeddable":true,"href":"https:\/\/javierperezvilla.com\/index.php?rest_route=\/wp\/v2\/users\/1"}],"replies":[{"embeddable":true,"href":"https:\/\/javierperezvilla.com\/index.php?rest_route=%2Fwp%2Fv2%2Fcomments&post=749"}],"version-history":[{"count":0,"href":"https:\/\/javierperezvilla.com\/index.php?rest_route=\/wp\/v2\/posts\/749\/revisions"}],"wp:attachment":[{"href":"https:\/\/javierperezvilla.com\/index.php?rest_route=%2Fwp%2Fv2%2Fmedia&parent=749"}],"wp:term":[{"taxonomy":"category","embeddable":true,"href":"https:\/\/javierperezvilla.com\/index.php?rest_route=%2Fwp%2Fv2%2Fcategories&post=749"},{"taxonomy":"post_tag","embeddable":true,"href":"https:\/\/javierperezvilla.com\/index.php?rest_route=%2Fwp%2Fv2%2Ftags&post=749"}],"curies":[{"name":"wp","href":"https:\/\/api.w.org\/{rel}","templated":true}]}}