{"id":76,"date":"2013-11-13T08:39:24","date_gmt":"2013-11-13T08:39:24","guid":{"rendered":"http:\/\/lossitiosabogados.com\/blog\/?p=76"},"modified":"2013-11-13T08:39:24","modified_gmt":"2013-11-13T08:39:24","slug":"impugnara-el-malaga-el-laudo-del-tas","status":"publish","type":"post","link":"https:\/\/javierperezvilla.com\/?p=76","title":{"rendered":"\u00bfIMPUGNAR\u00c1 EL M\u00c1LAGA EL LAUDO DEL TAS?"},"content":{"rendered":"<p style=\"text-align:justify;\">El <strong>TAS<\/strong>, ha publicado el texto \u00edntegro del <strong>laudo,<\/strong> que determin\u00f3 la expulsi\u00f3n del <strong>M\u00e1laga<\/strong> de la Europa League, y le impuso una multa de 300.000 euros, por contravenir las normas del fair play financiero instauradas por FIFA, al tener deudas pendientes de pago con la hacienda p\u00fablica.<\/p>\n<p style=\"text-align:justify;\"><a href=\"http:\/\/lossitiosabogados.com\/blog\/wp-content\/uploads\/2013\/11\/m\u00e1laga-cf.jpg\"><img loading=\"lazy\" decoding=\"async\" class=\"aligncenter size-full wp-image-77\" src=\"http:\/\/lossitiosabogados.com\/blog\/wp-content\/uploads\/2013\/11\/m\u00e1laga-cf.jpg\" alt=\"m\u00e1laga cf\" width=\"259\" height=\"194\" \/><\/a><\/p>\n<p style=\"text-align:justify;\">El club, seg\u00fan manifestaciones de su Director General, Vicente Casado, est\u00e1 estudiando la posibilidad de recurrir el laudo ante el Tribunal Federal Suizo, aunque no se ha tomado decisi\u00f3n alguna al respecto.<\/p>\n<p style=\"text-align:justify;\"><strong>Javier P\u00e9rez Villa.<\/strong><\/p>\n","protected":false},"excerpt":{"rendered":"<p>El TAS, ha publicado el texto \u00edntegro del laudo, que determin\u00f3 la expulsi\u00f3n del M\u00e1laga de la Europa League, y le impuso una multa de 300.000 euros, por contravenir las normas del fair play financiero instauradas por FIFA, al tener deudas pendientes de pago con&nbsp;<a class=\"read-more\" href=\"https:\/\/javierperezvilla.com\/?p=76\">Leer m\u00e1s<\/a><\/p>\n","protected":false},"author":1,"featured_media":0,"comment_status":"open","ping_status":"open","sticky":false,"template":"","format":"standard","meta":{"footnotes":""},"categories":[79],"tags":[3,7],"class_list":["post-76","post","type-post","status-publish","format-standard","hentry","category-noticias-derecho-deportivo","tag-derecho-deportivo-2","tag-noticias-2"],"_links":{"self":[{"href":"https:\/\/javierperezvilla.com\/index.php?rest_route=\/wp\/v2\/posts\/76","targetHints":{"allow":["GET"]}}],"collection":[{"href":"https:\/\/javierperezvilla.com\/index.php?rest_route=\/wp\/v2\/posts"}],"about":[{"href":"https:\/\/javierperezvilla.com\/index.php?rest_route=\/wp\/v2\/types\/post"}],"author":[{"embeddable":true,"href":"https:\/\/javierperezvilla.com\/index.php?rest_route=\/wp\/v2\/users\/1"}],"replies":[{"embeddable":true,"href":"https:\/\/javierperezvilla.com\/index.php?rest_route=%2Fwp%2Fv2%2Fcomments&post=76"}],"version-history":[{"count":0,"href":"https:\/\/javierperezvilla.com\/index.php?rest_route=\/wp\/v2\/posts\/76\/revisions"}],"wp:attachment":[{"href":"https:\/\/javierperezvilla.com\/index.php?rest_route=%2Fwp%2Fv2%2Fmedia&parent=76"}],"wp:term":[{"taxonomy":"category","embeddable":true,"href":"https:\/\/javierperezvilla.com\/index.php?rest_route=%2Fwp%2Fv2%2Fcategories&post=76"},{"taxonomy":"post_tag","embeddable":true,"href":"https:\/\/javierperezvilla.com\/index.php?rest_route=%2Fwp%2Fv2%2Ftags&post=76"}],"curies":[{"name":"wp","href":"https:\/\/api.w.org\/{rel}","templated":true}]}}