{"id":812,"date":"2015-06-29T08:45:55","date_gmt":"2015-06-29T06:45:55","guid":{"rendered":"http:\/\/lossitiosabogados.com\/blog\/?p=812"},"modified":"2015-06-29T08:45:55","modified_gmt":"2015-06-29T06:45:55","slug":"caso-lille-vs-genk-el-tas-enmienda-la-plana-a-fifa-en-un-caso-de-indemnizacion-por-formacion","status":"publish","type":"post","link":"https:\/\/javierperezvilla.com\/?p=812","title":{"rendered":"Caso Lille vs Genk. El TAS enmienda la plana a FIFA en un caso de indemnizaci\u00f3n por formaci\u00f3n"},"content":{"rendered":"<p style=\"text-align:justify;\"><img loading=\"lazy\" decoding=\"async\" class=\" size-medium wp-image-818 alignleft\" src=\"http:\/\/lossitiosabogados.com\/blog\/wp-content\/uploads\/KRCGenk-239x300.png\" alt=\"formaci\u00f3n\" width=\"239\" height=\"300\" \/>El TAS ha rechazado una resoluci\u00f3n de la C\u00e1mara de Resoluci\u00f3n de Disputas, (de 27 de febrero de 2.014) que deneg\u00f3 al GENK el derecho a percibir la indemnizaci\u00f3n por <strong>formaci\u00f3n<\/strong> de un futbolista de su cantera, que fich\u00f3 por el Lille franc\u00e9s.<\/p>\n<p style=\"text-align:justify;\">Divok Origi, jugador del GENK, con 15 a\u00f1os, abandon\u00f3 la disciplina del Club belga, para recalar pocos meses m\u00e1s tarde en el Lille franc\u00e9s. En dicho momento, el club belga requiri\u00f3 al franc\u00e9s la indemnizaci\u00f3n por <strong>formaci\u00f3n<\/strong> del futbolista, y ante la falta de acuerdo entre clubes. El Genk acudi\u00f3 al \u00f3rgano competente de FIFA (CRD), en solicitud de dicho concepto. FIFA desestim\u00f3 su petici\u00f3n entendiendo que no ten\u00eda derecho al percibo del mismo. No estando de acuerdo con dicha decisi\u00f3n, el Club belga acudi\u00f3 en \u00faltima instancia al TAS.<\/p>\n<p style=\"text-align:justify;\">Finalmente el TAS, ha dado la raz\u00f3n al GENK, y ha estimado procedente el pago de la indemnizaci\u00f3n por <strong>formaci\u00f3n<\/strong> por parte del Lille. El GENK, sosten\u00eda que, conforme a la ley belga, no le era posible formalizar un contrato remunerado a un menos de 16 a\u00f1os, bajo pena de incurrir en sanciones penales. Dicha argumentaci\u00f3n se ha impuesto sobre la del club franc\u00e9s que sosten\u00eda que el club belga no hab\u00eda propuesto un contrato al jugador en el momento de su dimisi\u00f3n, como exige el Reglamento FIFA sobre el estatuto y Transferencia de Jugadores.<\/p>\n<p style=\"text-align:justify;\">El Lille tendr\u00e1 pues que abonar al Genk, 300.000 euros por <strong>formaci\u00f3n<\/strong>.<\/p>\n<p style=\"text-align:justify;\">Javier P\u00e9rez Villa<\/p>\n","protected":false},"excerpt":{"rendered":"<p>El TAS ha rechazado una resoluci\u00f3n de la C\u00e1mara de Resoluci\u00f3n de Disputas, (de 27 de febrero de 2.014) que deneg\u00f3 al GENK el derecho a percibir la indemnizaci\u00f3n por formaci\u00f3n de un futbolista de su cantera, que fich\u00f3 por el Lille franc\u00e9s. Divok Origi,&nbsp;<a class=\"read-more\" href=\"https:\/\/javierperezvilla.com\/?p=812\">Leer m\u00e1s<\/a><\/p>\n","protected":false},"author":1,"featured_media":0,"comment_status":"open","ping_status":"open","sticky":false,"template":"","format":"standard","meta":{"footnotes":""},"categories":[79],"tags":[11,3,26,7],"class_list":["post-812","post","type-post","status-publish","format-standard","hentry","category-noticias-derecho-deportivo","tag-derecho-del-futbol","tag-derecho-deportivo-2","tag-fifa","tag-noticias-2"],"_links":{"self":[{"href":"https:\/\/javierperezvilla.com\/index.php?rest_route=\/wp\/v2\/posts\/812","targetHints":{"allow":["GET"]}}],"collection":[{"href":"https:\/\/javierperezvilla.com\/index.php?rest_route=\/wp\/v2\/posts"}],"about":[{"href":"https:\/\/javierperezvilla.com\/index.php?rest_route=\/wp\/v2\/types\/post"}],"author":[{"embeddable":true,"href":"https:\/\/javierperezvilla.com\/index.php?rest_route=\/wp\/v2\/users\/1"}],"replies":[{"embeddable":true,"href":"https:\/\/javierperezvilla.com\/index.php?rest_route=%2Fwp%2Fv2%2Fcomments&post=812"}],"version-history":[{"count":0,"href":"https:\/\/javierperezvilla.com\/index.php?rest_route=\/wp\/v2\/posts\/812\/revisions"}],"wp:attachment":[{"href":"https:\/\/javierperezvilla.com\/index.php?rest_route=%2Fwp%2Fv2%2Fmedia&parent=812"}],"wp:term":[{"taxonomy":"category","embeddable":true,"href":"https:\/\/javierperezvilla.com\/index.php?rest_route=%2Fwp%2Fv2%2Fcategories&post=812"},{"taxonomy":"post_tag","embeddable":true,"href":"https:\/\/javierperezvilla.com\/index.php?rest_route=%2Fwp%2Fv2%2Ftags&post=812"}],"curies":[{"name":"wp","href":"https:\/\/api.w.org\/{rel}","templated":true}]}}