{"id":821,"date":"2015-07-01T08:45:54","date_gmt":"2015-07-01T06:45:54","guid":{"rendered":"http:\/\/lossitiosabogados.com\/blog\/?p=821"},"modified":"2015-07-01T08:45:54","modified_gmt":"2015-07-01T06:45:54","slug":"los-pioneros-en-mediacion-deportiva","status":"publish","type":"post","link":"https:\/\/javierperezvilla.com\/?p=821","title":{"rendered":"Los pioneros en mediaci\u00f3n deportiva"},"content":{"rendered":"<p style=\"text-align:justify;\">Acaba de finalizar hace algo m\u00e1s de\u00a0una semana el primer Curso de Experto en Mediaci\u00f3n Deportiva, organizado por el Comit\u00e9 Ol\u00edmpico Espa\u00f1ol, en colaboraci\u00f3n con el Instituto de Derecho P\u00fablico Universidad Rey Juan Carlos y el Ilustre Colegio de Abogados de Madrid, uno de los muchos cursos de <strong>mediaci\u00f3n<\/strong> que se est\u00e1n desarrollando por todo el territorio nacional, a la luz de la nueva normativa sobre mediaci\u00f3n civil y mercantil, pero el primero y \u00fanico hasta el momento especializado en <strong>deporte<\/strong>.<\/p>\n<p style=\"text-align:justify;\">Cuando me lleg\u00f3 la informaci\u00f3n, me atrajo m\u00e1s el apellido (<strong>deportiva<\/strong>) que el nombre (<strong>mediaci\u00f3n<\/strong>). Y ello, porque desde hace ya unos cuantos a\u00f1os, en mi d\u00eda a d\u00eda profesional ha ido ganando terreno todo lo referente al <strong>derecho deportivo<\/strong>. Sin embargo, he de reconocer que, conforme se ha ido desarrollando el curso el nombre ha tomado la delantera sobre el apellido.<\/p>\n<p style=\"text-align:justify;\">\n<p style=\"text-align:justify;\">Confieso que acud\u00ed a la cita, no muy al tanto de la instituci\u00f3n de mediaci\u00f3n. S\u00ed he tenido y tengo contacto con el mundo del arbitraje, fundamentalmente mercantil\u00a0 y deportivo, pero apenas hab\u00eda podido profundizar en el de la mediaci\u00f3n, ya que en nuestro pa\u00eds \u00e9sta se ci\u00f1e fundamentalmente a los \u00e1mbitos del derecho de familia, laboral y poco m\u00e1s.<\/p>\n<p style=\"text-align:justify;\">De todas las caracter\u00edsticas de esta forma de resoluci\u00f3n de controversias, la que m\u00e1s ha llamado mi atenci\u00f3n ha sido la del papel de mediador. Tras casi diecisiete a\u00f1os de ejercicio de la abogac\u00eda, me he dado cuenta que de manera inconsciente, gran parte del tiempo lo he dedicado a mediar. Y digo inconscientemente, ya que no ha sido la voluntad la que me impulsaba a hacerlo, sino m\u00e1s bien la necesidad ante las carencias que presenta la v\u00eda por excelencia de resoluci\u00f3n de conflictos: la judicial, (Juzgados absolutamente colapsados por falta de medios, y que muchas veces no resuelven con la eficacia que debieran las cuestiones que ante ellos son planteadas, excesiva demora, pasividad, criterios cambiantes dependiendo del \u00f3rgano ante el que te encuentras, etc).<\/p>\n<p style=\"text-align:justify;\">Lo que si desconoc\u00eda, como digo, es el papel del mediador, que lejos de juzgar o arbitrar y desprovisto absolutamente de \u201cimperium\u201d, hace de traductor entre dos partes que tienen un problema (en mediaci\u00f3n un asunto) y que no se entienden, aunque hablen el mismo idioma. Funci\u00f3n mucho m\u00e1s dif\u00edcil de realizar que la del Juez o el \u00e1rbitro, ya que estos escuchan y deciden, mientras que el mediador escucha y tiene que hacer que las partes tambi\u00e9n lo hagan.<\/p>\n<p style=\"text-align:justify;\">La verdad es que esta instituci\u00f3n, que tiene sus ra\u00edces en el derecho anglosaj\u00f3n, donde su utilizaci\u00f3n est\u00e1 a la orden del d\u00eda constituyendo en estos pa\u00edses una forma habitual de resolver conflictos de toda la \u00edndole (recordemos en 2.011 lockout en la NBA, resuelto a trav\u00e9s de la mediaci\u00f3n), llegando incluso, en algunos pa\u00edses, a estar institucionalizada. Muy lejos queda nuestro pa\u00eds de dicha cultura, pero la conclusi\u00f3n no puede ser otra que la de que hay que impulsar esta instituci\u00f3n como f\u00f3rmula perfectamente v\u00e1lida de resolver conflictos.<\/p>\n<p style=\"text-align:justify;\">Entre pasillos la sensaci\u00f3n de los asistentes al curso ha sido que de alguna forma el camino que hay por delante es largo y nada f\u00e1cil, pues los fundamentos de la mediaci\u00f3n est\u00e1n profundamente enterrados en nuestra cultura y tradici\u00f3n. Toca ahora cavar para sacarlos a la luz y\u00a0que vuelvan a ser de utilidad. Desde luego si hay un momento propicio para ello, es el que nos ha tocado vivir, con una Administraci\u00f3n de Justicia superada con creces por la realidad y que no est\u00e1 preparada para dar respuesta a todos los requerimientos que llaman a su puerta. Debe de ser la voluntad pol\u00edtica en primera instancia, a trav\u00e9s de las instituciones p\u00fablicas, y privadas, y nosotros en \u00faltima, los que tenemos que comenzar a cavar.<\/p>\n<p style=\"text-align:justify;\">El mundo del deporte, que circula por v\u00edas de alta velocidad, debe tambi\u00e9n de fomentar la utilizaci\u00f3n de este medio para resolver sus diferencias. A la premura, se a\u00f1ade en \u00e9ste caso la confidencialidad que tiene el proceso de <strong>mediaci\u00f3n<\/strong>, caracter\u00edstica de la que carecen los otros medios de resoluci\u00f3n de controversias, y que puede ser muy interesante en \u00e9ste \u00e1mbito.<\/p>\n<p style=\"text-align:justify;\">Este curso no se si me har\u00e1 o no un buen mediador, pues el futuro est\u00e1 por llegar, pero lo que s\u00ed me ha hecho es mejor abogado. Desde aqu\u00ed, quiero dar las gracias a todas las personas que han hecho\u00a0el curso posible. Desde el personal del COE, a todos los ponentes (de gran prestigio todos ellos), la organizaci\u00f3n y las instituciones que lo han amparado, y por supuesto a los compa\u00f1eros que han asistido al mismo. Ahora nos toca a nosotros, y a las instituciones, continuar con la divulgaci\u00f3n de \u00e9ste apasionante modo de resolver controversias.<\/p>\n<p style=\"text-align:justify;\">Javier P\u00e9rez Villa.<\/p>\n","protected":false},"excerpt":{"rendered":"<p>Acaba de finalizar hace algo m\u00e1s de\u00a0una semana el primer Curso de Experto en Mediaci\u00f3n Deportiva, organizado por el Comit\u00e9 Ol\u00edmpico Espa\u00f1ol, en colaboraci\u00f3n con el Instituto de Derecho P\u00fablico Universidad Rey Juan Carlos y el Ilustre Colegio de Abogados de Madrid, uno de los&nbsp;<a class=\"read-more\" href=\"https:\/\/javierperezvilla.com\/?p=821\">Leer m\u00e1s<\/a><\/p>\n","protected":false},"author":1,"featured_media":0,"comment_status":"open","ping_status":"open","sticky":false,"template":"","format":"standard","meta":{"footnotes":""},"categories":[79],"tags":[52,3,54],"class_list":["post-821","post","type-post","status-publish","format-standard","hentry","category-noticias-derecho-deportivo","tag-coe","tag-derecho-deportivo-2","tag-mediacion-deportiva"],"_links":{"self":[{"href":"https:\/\/javierperezvilla.com\/index.php?rest_route=\/wp\/v2\/posts\/821","targetHints":{"allow":["GET"]}}],"collection":[{"href":"https:\/\/javierperezvilla.com\/index.php?rest_route=\/wp\/v2\/posts"}],"about":[{"href":"https:\/\/javierperezvilla.com\/index.php?rest_route=\/wp\/v2\/types\/post"}],"author":[{"embeddable":true,"href":"https:\/\/javierperezvilla.com\/index.php?rest_route=\/wp\/v2\/users\/1"}],"replies":[{"embeddable":true,"href":"https:\/\/javierperezvilla.com\/index.php?rest_route=%2Fwp%2Fv2%2Fcomments&post=821"}],"version-history":[{"count":0,"href":"https:\/\/javierperezvilla.com\/index.php?rest_route=\/wp\/v2\/posts\/821\/revisions"}],"wp:attachment":[{"href":"https:\/\/javierperezvilla.com\/index.php?rest_route=%2Fwp%2Fv2%2Fmedia&parent=821"}],"wp:term":[{"taxonomy":"category","embeddable":true,"href":"https:\/\/javierperezvilla.com\/index.php?rest_route=%2Fwp%2Fv2%2Fcategories&post=821"},{"taxonomy":"post_tag","embeddable":true,"href":"https:\/\/javierperezvilla.com\/index.php?rest_route=%2Fwp%2Fv2%2Ftags&post=821"}],"curies":[{"name":"wp","href":"https:\/\/api.w.org\/{rel}","templated":true}]}}