{"id":840,"date":"2015-06-26T08:45:21","date_gmt":"2015-06-26T06:45:21","guid":{"rendered":"http:\/\/lossitiosabogados.com\/blog\/?p=840"},"modified":"2015-06-26T08:45:21","modified_gmt":"2015-06-26T06:45:21","slug":"apostamos-por-la-mediacion","status":"publish","type":"post","link":"https:\/\/javierperezvilla.com\/?p=840","title":{"rendered":"Apostamos por la mediaci\u00f3n"},"content":{"rendered":"<p style=\"text-align:justify;\"><img loading=\"lazy\" decoding=\"async\" class=\"aligncenter wp-image-845 size-medium\" src=\"http:\/\/lossitiosabogados.com\/blog\/wp-content\/uploads\/coe-300x232.jpg\" alt=\"mediaci\u00f3n deportiva\" width=\"300\" height=\"232\" \/>La pasada semana finalizaba el I Curso de Experto en <strong>Mediaci\u00f3n Deportiva<\/strong>, organizado por el Comit\u00e9 Ol\u00edmpico Espa\u00f1ol, con la colaboraci\u00f3n de la Universidad Rey Juan Carlos y el Ilustre Colegio de Abogados de Madrid.<\/p>\n<p style=\"text-align:justify;\"><strong>Javier P\u00e9rez Villa<\/strong>\u00a0ha sido uno de los 24 diplomados en el citado curso, que dio comienzo\u00a0en el mes febrero y ha tenido lugar en la sede del propio <strong>COE<\/strong>, desarroll\u00e1ndose\u00a0conforme a lo establecido en la Ley 5\/12 de Mediaci\u00f3n Civil y Mercantil, y su normativa de desarrollo del Real Decreto 980\/13.<\/p>\n<p style=\"text-align:justify;\">Se trata de la primera promoci\u00f3n de expertos en <strong>mediaci\u00f3n deportiva<\/strong> que ve la luz en nuestro pa\u00eds.\u00a0Mediadores que aportar\u00e1n sin duda especializaci\u00f3n, y con los que podr\u00e1 contar el Tribunal Espa\u00f1ol de Arbitraje del <strong>Comit\u00e9 Ol\u00edmpico Espa\u00f1ol<\/strong>, para la resoluci\u00f3n de controversias relacionadas con el mundo del deporte y el <strong>derecho deportivo<\/strong>, por la v\u00eda de la mediaci\u00f3n.<\/p>\n<p style=\"text-align:justify;\">Este t\u00edtulo, es clara muestra de la apuesta del despacho por esta forma de soluci\u00f3n de controversias, la <strong>mediaci\u00f3n<\/strong>.<\/p>\n<p style=\"text-align:justify;\">M\u00e1s informaci\u00f3n sobre esta noticia <a href=\"http:\/\/www.lawyerpress.com\/news\/2015_06\/2206_15_008.html\">aqu\u00ed<\/a><\/p>\n<p style=\"text-align:justify;\">Sonia S\u00e1nchez Aramburo.<\/p>\n","protected":false},"excerpt":{"rendered":"<p>La pasada semana finalizaba el I Curso de Experto en Mediaci\u00f3n Deportiva, organizado por el Comit\u00e9 Ol\u00edmpico Espa\u00f1ol, con la colaboraci\u00f3n de la Universidad Rey Juan Carlos y el Ilustre Colegio de Abogados de Madrid. Javier P\u00e9rez Villa\u00a0ha sido uno de los 24 diplomados en&nbsp;<a class=\"read-more\" href=\"https:\/\/javierperezvilla.com\/?p=840\">Leer m\u00e1s<\/a><\/p>\n","protected":false},"author":1,"featured_media":0,"comment_status":"open","ping_status":"open","sticky":false,"template":"","format":"standard","meta":{"footnotes":""},"categories":[79],"tags":[3,57,54,7],"class_list":["post-840","post","type-post","status-publish","format-standard","hentry","category-noticias-derecho-deportivo","tag-derecho-deportivo-2","tag-mediacion","tag-mediacion-deportiva","tag-noticias-2"],"_links":{"self":[{"href":"https:\/\/javierperezvilla.com\/index.php?rest_route=\/wp\/v2\/posts\/840","targetHints":{"allow":["GET"]}}],"collection":[{"href":"https:\/\/javierperezvilla.com\/index.php?rest_route=\/wp\/v2\/posts"}],"about":[{"href":"https:\/\/javierperezvilla.com\/index.php?rest_route=\/wp\/v2\/types\/post"}],"author":[{"embeddable":true,"href":"https:\/\/javierperezvilla.com\/index.php?rest_route=\/wp\/v2\/users\/1"}],"replies":[{"embeddable":true,"href":"https:\/\/javierperezvilla.com\/index.php?rest_route=%2Fwp%2Fv2%2Fcomments&post=840"}],"version-history":[{"count":0,"href":"https:\/\/javierperezvilla.com\/index.php?rest_route=\/wp\/v2\/posts\/840\/revisions"}],"wp:attachment":[{"href":"https:\/\/javierperezvilla.com\/index.php?rest_route=%2Fwp%2Fv2%2Fmedia&parent=840"}],"wp:term":[{"taxonomy":"category","embeddable":true,"href":"https:\/\/javierperezvilla.com\/index.php?rest_route=%2Fwp%2Fv2%2Fcategories&post=840"},{"taxonomy":"post_tag","embeddable":true,"href":"https:\/\/javierperezvilla.com\/index.php?rest_route=%2Fwp%2Fv2%2Ftags&post=840"}],"curies":[{"name":"wp","href":"https:\/\/api.w.org\/{rel}","templated":true}]}}