{"id":856,"date":"2015-07-08T08:45:04","date_gmt":"2015-07-08T06:45:04","guid":{"rendered":"http:\/\/lossitiosabogados.com\/blog\/?p=856"},"modified":"2015-07-08T08:45:04","modified_gmt":"2015-07-08T06:45:04","slug":"el-tad-no-admite-la-cautelar-al-elche","status":"publish","type":"post","link":"https:\/\/javierperezvilla.com\/?p=856","title":{"rendered":"El TAD no admite la cautelar al Elche"},"content":{"rendered":"<p style=\"text-align:justify;\"><img loading=\"lazy\" decoding=\"async\" class=\"alignleft size-medium wp-image-858\" src=\"http:\/\/lossitiosabogados.com\/blog\/wp-content\/uploads\/the-ball-488716_1280-1-300x200.jpg\" alt=\"\" width=\"300\" height=\"200\" \/>El <strong>TAD<\/strong> deneg\u00f3\u00a0la cautelar que hab\u00eda solicitado el Elche en relaci\u00f3n a la resoluci\u00f3n sobre la sanci\u00f3n de descenso que el Juez de Disciplina Social de la Liga le hab\u00eda impuesto.<\/p>\n<p style=\"text-align:justify;\">Seg\u00fan fuentes de <a href=\"http:\/\/iusport.com\/not\/8242\/el-tribunal-administrativo-del-deporte-deniega-la-cautelar-al-elche\/\">Iusport<\/a>, el <strong>TAD<\/strong> tambi\u00e9n ha denegado la cautelar\u00a0que presentaron varios jugadores del club paralelamente, as\u00ed como un recurso que present\u00f3 a t\u00edtulo individual un accionista del club. Por el contrario, ha admitido en el procedimiento la personaci\u00f3n del Eibar, parte interesada, ya que en caso de ratificarse el descenso del Elche, el club vasco permanecer\u00eda en Primera Divisi\u00f3n.<\/p>\n<p style=\"text-align:justify;\">Como \u00faltimo recurso, el Elche conf\u00eda en que el\u00a0<strong>Tribunal Administrativo del Deporte\u00a0<\/strong>estime su petici\u00f3n, fundamentada en los mismos argumentos utilizados por el Badajoz en 2.001, en un supuesto similar.<\/p>\n<p style=\"text-align:justify;\">Javier P\u00e9rez Villa<\/p>\n","protected":false},"excerpt":{"rendered":"<p>El TAD deneg\u00f3\u00a0la cautelar que hab\u00eda solicitado el Elche en relaci\u00f3n a la resoluci\u00f3n sobre la sanci\u00f3n de descenso que el Juez de Disciplina Social de la Liga le hab\u00eda impuesto. Seg\u00fan fuentes de Iusport, el TAD tambi\u00e9n ha denegado la cautelar\u00a0que presentaron varios jugadores&nbsp;<a class=\"read-more\" href=\"https:\/\/javierperezvilla.com\/?p=856\">Leer m\u00e1s<\/a><\/p>\n","protected":false},"author":1,"featured_media":0,"comment_status":"open","ping_status":"open","sticky":false,"template":"","format":"standard","meta":{"footnotes":""},"categories":[79],"tags":[3,22,7],"class_list":["post-856","post","type-post","status-publish","format-standard","hentry","category-noticias-derecho-deportivo","tag-derecho-deportivo-2","tag-lfp","tag-noticias-2"],"_links":{"self":[{"href":"https:\/\/javierperezvilla.com\/index.php?rest_route=\/wp\/v2\/posts\/856","targetHints":{"allow":["GET"]}}],"collection":[{"href":"https:\/\/javierperezvilla.com\/index.php?rest_route=\/wp\/v2\/posts"}],"about":[{"href":"https:\/\/javierperezvilla.com\/index.php?rest_route=\/wp\/v2\/types\/post"}],"author":[{"embeddable":true,"href":"https:\/\/javierperezvilla.com\/index.php?rest_route=\/wp\/v2\/users\/1"}],"replies":[{"embeddable":true,"href":"https:\/\/javierperezvilla.com\/index.php?rest_route=%2Fwp%2Fv2%2Fcomments&post=856"}],"version-history":[{"count":0,"href":"https:\/\/javierperezvilla.com\/index.php?rest_route=\/wp\/v2\/posts\/856\/revisions"}],"wp:attachment":[{"href":"https:\/\/javierperezvilla.com\/index.php?rest_route=%2Fwp%2Fv2%2Fmedia&parent=856"}],"wp:term":[{"taxonomy":"category","embeddable":true,"href":"https:\/\/javierperezvilla.com\/index.php?rest_route=%2Fwp%2Fv2%2Fcategories&post=856"},{"taxonomy":"post_tag","embeddable":true,"href":"https:\/\/javierperezvilla.com\/index.php?rest_route=%2Fwp%2Fv2%2Ftags&post=856"}],"curies":[{"name":"wp","href":"https:\/\/api.w.org\/{rel}","templated":true}]}}