{"id":95,"date":"2013-11-08T08:11:16","date_gmt":"2013-11-08T08:11:16","guid":{"rendered":"http:\/\/lossitiosabogados.com\/blog\/?p=70"},"modified":"2013-11-08T08:11:16","modified_gmt":"2013-11-08T08:11:16","slug":"70","status":"publish","type":"post","link":"https:\/\/javierperezvilla.com\/?p=95","title":{"rendered":"EL CD GUADALAJARA, CONTIN\u00daA SU LUCHA CONTRA EL DESCENSO ADMINISTRATIVO."},"content":{"rendered":"<p style=\"text-align:justify;\">Una vez desestimado el recurso interpuesto por el <strong>CD Guadalajara, S.A.D.<\/strong>, contra de decisi\u00f3n que denegaba la <strong>medida cautelar<\/strong> por el tr\u00e1mite de urgencia, interpuesta por el club, contra el acuerdo de la LFP, que acord\u00f3 su <strong>descenso administrativo<\/strong>, el club ha anunciado que reiterar\u00e1 la petici\u00f3n, por la v\u00eda ordinaria.<\/p>\n<p style=\"text-align:justify;\"><a href=\"http:\/\/lossitiosabogados.com\/blog\/wp-content\/uploads\/2013\/11\/Guadalarara-SAD.-Germ\u00e1n-Retuerta..jpg\"><img loading=\"lazy\" decoding=\"async\" class=\"aligncenter size-medium wp-image-71\" src=\"http:\/\/lossitiosabogados.com\/blog\/wp-content\/uploads\/2013\/11\/Guadalarara-SAD.-Germ\u00e1n-Retuerta.-300x179.jpg\" alt=\"Guadalarara SAD. Germ\u00e1n Retuerta.\" width=\"300\" height=\"179\" \/><\/a><\/p>\n<p style=\"text-align:justify;\">Seg\u00fan iusport.com, el club ha comunicado igualmente que sigue a la espera de la copia del expediente que debe de remitirle el CSD, en relaci\u00f3n a la ampliaci\u00f3n de capital, origen del descenso administrativo, para su impugnaci\u00f3n.<\/p>\n<p style=\"text-align:justify;\"><strong>Javier P\u00e9rez Villa.<\/strong><\/p>\n","protected":false},"excerpt":{"rendered":"<p>Una vez desestimado el recurso interpuesto por el CD Guadalajara, S.A.D., contra de decisi\u00f3n que denegaba la medida cautelar por el tr\u00e1mite de urgencia, interpuesta por el club, contra el acuerdo de la LFP, que acord\u00f3 su descenso administrativo, el club ha anunciado que reiterar\u00e1&nbsp;<a class=\"read-more\" href=\"https:\/\/javierperezvilla.com\/?p=95\">Leer m\u00e1s<\/a><\/p>\n","protected":false},"author":1,"featured_media":0,"comment_status":"open","ping_status":"open","sticky":false,"template":"","format":"standard","meta":{"footnotes":""},"categories":[79],"tags":[3,7],"class_list":["post-95","post","type-post","status-publish","format-standard","hentry","category-noticias-derecho-deportivo","tag-derecho-deportivo-2","tag-noticias-2"],"_links":{"self":[{"href":"https:\/\/javierperezvilla.com\/index.php?rest_route=\/wp\/v2\/posts\/95","targetHints":{"allow":["GET"]}}],"collection":[{"href":"https:\/\/javierperezvilla.com\/index.php?rest_route=\/wp\/v2\/posts"}],"about":[{"href":"https:\/\/javierperezvilla.com\/index.php?rest_route=\/wp\/v2\/types\/post"}],"author":[{"embeddable":true,"href":"https:\/\/javierperezvilla.com\/index.php?rest_route=\/wp\/v2\/users\/1"}],"replies":[{"embeddable":true,"href":"https:\/\/javierperezvilla.com\/index.php?rest_route=%2Fwp%2Fv2%2Fcomments&post=95"}],"version-history":[{"count":0,"href":"https:\/\/javierperezvilla.com\/index.php?rest_route=\/wp\/v2\/posts\/95\/revisions"}],"wp:attachment":[{"href":"https:\/\/javierperezvilla.com\/index.php?rest_route=%2Fwp%2Fv2%2Fmedia&parent=95"}],"wp:term":[{"taxonomy":"category","embeddable":true,"href":"https:\/\/javierperezvilla.com\/index.php?rest_route=%2Fwp%2Fv2%2Fcategories&post=95"},{"taxonomy":"post_tag","embeddable":true,"href":"https:\/\/javierperezvilla.com\/index.php?rest_route=%2Fwp%2Fv2%2Ftags&post=95"}],"curies":[{"name":"wp","href":"https:\/\/api.w.org\/{rel}","templated":true}]}}