{"id":96,"date":"2013-11-18T15:17:57","date_gmt":"2013-11-18T15:17:57","guid":{"rendered":"http:\/\/lossitiosabogados.com\/blog\/?p=84"},"modified":"2013-11-18T15:17:57","modified_gmt":"2013-11-18T15:17:57","slug":"los-sitios-abogados-en-la-primera-jornada-del-seminario-de-derecho-del-futbol-nacional-e-internacional","status":"publish","type":"post","link":"https:\/\/javierperezvilla.com\/?p=96","title":{"rendered":"LOS SITIOS ABOGADOS EN LA PRIMERA JORNADA DEL SEMINARIO DE DERECHO DEL F\u00daTBOL NACIONAL E INTERNACIONAL."},"content":{"rendered":"<p style=\"text-align:justify;\">El pasado s\u00e1bado se celebr\u00f3 en Madrid, en la sede de la Fundaci\u00f3n de la Universidad Rey Juan Carlos, \u00a0la primera de las jornadas del Seminario Permanente del\u00a0<strong>Derecho del F\u00fatbol Nacional e Internacional<\/strong>, organizado por la citada Universidad, la Real Federaci\u00f3n Espa\u00f1ola de F\u00fatbol, el portal Iusport, y el International Centre Sports Studies, y LOS SITIOS ABOGADOS, estuvo all\u00ed.<\/p>\n<p style=\"text-align:justify;\">El acto dio comienzo de la mano de dos de los juristas espa\u00f1oles, que a mi juicio son dos de los principales art\u00edfices, \u00a0del alto nivel de especializaci\u00f3n del que goza en nuestro pais, esta ya indiscutible rama del derecho, denominada por la doctrina<strong>derecho deportivo<\/strong>, y dentro de ella, la especializaci\u00f3n del\u00a0<strong>derecho del f\u00fatbol<\/strong>. Miguel Cardenal Carro, Secretario de Estado para el Deporte, y Presidente del Consejo Superior de Deportes, \u00a0y Emilio Garc\u00eda Silvero, Jefe del Departamento Disciplinario y de Intergidad de UEFA, y Secretario de la C\u00e1tedra de Derecho Deportivo de la Universidad Rey Juan Carlos, aperturaron el seminario. Desgraciadamente para los que asistimos, su cometido, en esta ocasi\u00f3n, fue el de darnos la bienvenida al acto, no pudiendo disfrutar de sus conocimientos. Aunque sin duda, y dado su conocido compromiso, tendremos ocasi\u00f3n de ello.<\/p>\n<p>&nbsp;<\/p>\n<p><a href=\"http:\/\/lossitiosabogados.com\/blog\/wp-content\/uploads\/2013\/11\/IMG_1277.jpg\"><img loading=\"lazy\" decoding=\"async\" class=\"aligncenter size-full wp-image-85\" src=\"http:\/\/lossitiosabogados.com\/blog\/wp-content\/uploads\/2013\/11\/IMG_1277.jpg\" alt=\"\" width=\"448\" height=\"192\" \/><\/a><\/p>\n<p>&nbsp;<\/p>\n<p style=\"text-align:justify;\">Presentado el acto, lleg\u00f3 el turno de Kepa Larunme Beain, quien diseccion\u00f3, de forma clara y concisa, la estructura de la Federaci\u00f3n Espa\u00f1ola de F\u00fatbol, de la Liga Profesional de F\u00fatbol, y la Asociaci\u00f3n de Futbolistas Espa\u00f1oles, y las no siempre f\u00e1ciles relaciones entre ellas.<\/p>\n<p style=\"text-align:justify;\">Llegado este punto, y tras un breve coffe break, tom\u00f3 la palabra, Pedro Tom\u00e1s Marqu\u00e9s, Presidente del Comit\u00e9 de Apelaci\u00f3n de la UEFA, y \u00e1rbitro del TAS, quien, con el tiempo como principal enemigo, nos mostr\u00f3 en su ponencia, los entresijos de la tramitaci\u00f3n de los procedimientos disciplinarios ante la UEFA. Ambos ponentes ilustraron sus disertaciones con supuestos pr\u00e1cticos.<\/p>\n<p style=\"text-align:justify;\">Ma\u00f1ana de s\u00e1bado provechosa en Madrid, que nos dej\u00f3 a la espera de la siguiente jornada.<\/p>\n<p>Javier P\u00e9rez Villa.<\/p>\n<p>&nbsp;<\/p>\n","protected":false},"excerpt":{"rendered":"<p>El pasado s\u00e1bado se celebr\u00f3 en Madrid, en la sede de la Fundaci\u00f3n de la Universidad Rey Juan Carlos, \u00a0la primera de las jornadas del Seminario Permanente del\u00a0Derecho del F\u00fatbol Nacional e Internacional, organizado por la citada Universidad, la Real Federaci\u00f3n Espa\u00f1ola de F\u00fatbol, el&nbsp;<a class=\"read-more\" href=\"https:\/\/javierperezvilla.com\/?p=96\">Leer m\u00e1s<\/a><\/p>\n","protected":false},"author":1,"featured_media":0,"comment_status":"open","ping_status":"open","sticky":false,"template":"","format":"standard","meta":{"footnotes":""},"categories":[79],"tags":[3,7],"class_list":["post-96","post","type-post","status-publish","format-standard","hentry","category-noticias-derecho-deportivo","tag-derecho-deportivo-2","tag-noticias-2"],"_links":{"self":[{"href":"https:\/\/javierperezvilla.com\/index.php?rest_route=\/wp\/v2\/posts\/96","targetHints":{"allow":["GET"]}}],"collection":[{"href":"https:\/\/javierperezvilla.com\/index.php?rest_route=\/wp\/v2\/posts"}],"about":[{"href":"https:\/\/javierperezvilla.com\/index.php?rest_route=\/wp\/v2\/types\/post"}],"author":[{"embeddable":true,"href":"https:\/\/javierperezvilla.com\/index.php?rest_route=\/wp\/v2\/users\/1"}],"replies":[{"embeddable":true,"href":"https:\/\/javierperezvilla.com\/index.php?rest_route=%2Fwp%2Fv2%2Fcomments&post=96"}],"version-history":[{"count":0,"href":"https:\/\/javierperezvilla.com\/index.php?rest_route=\/wp\/v2\/posts\/96\/revisions"}],"wp:attachment":[{"href":"https:\/\/javierperezvilla.com\/index.php?rest_route=%2Fwp%2Fv2%2Fmedia&parent=96"}],"wp:term":[{"taxonomy":"category","embeddable":true,"href":"https:\/\/javierperezvilla.com\/index.php?rest_route=%2Fwp%2Fv2%2Fcategories&post=96"},{"taxonomy":"post_tag","embeddable":true,"href":"https:\/\/javierperezvilla.com\/index.php?rest_route=%2Fwp%2Fv2%2Ftags&post=96"}],"curies":[{"name":"wp","href":"https:\/\/api.w.org\/{rel}","templated":true}]}}