{"id":967,"date":"2015-07-28T23:59:59","date_gmt":"2015-07-28T21:59:59","guid":{"rendered":"https:\/\/javierperezvilla.com\/?p=967"},"modified":"2015-07-28T23:59:59","modified_gmt":"2015-07-28T21:59:59","slug":"la-bbc-destapa-un-posible-caso-de-trafico-de-menores-entre-africa-y-asia","status":"publish","type":"post","link":"https:\/\/javierperezvilla.com\/?p=967","title":{"rendered":"La BBC destapa un posible caso de tr\u00e1fico de menores entre \u00c1frica y Asia"},"content":{"rendered":"<div id=\"TituloSArtID\" class=\"styleitemGroup TituloSArt\">\n<p style=\"text-align:justify;\">Un reciente reportaje de la <a href=\"http:\/\/www.bbc.com\/news\/world-africa-33595804\"><strong>BBC<\/strong> <\/a>ha revelado la m\u00e1s que preocupante situaci\u00f3n en la que se encuentran miles de j\u00f3venes procedentes de \u00c1frica, muchos de los cuales apenas cuentan con 14 a\u00f1os, que salen cada a\u00f1o del continente con la promesa de labrarse un futuro dentro del f\u00fatbol internacional.<\/p>\n<\/div>\n<div class=\"styleitemGroup box Articulox620\">\n<div class=\"styleitemGroup box-main\">\n<p style=\"text-align:justify;\">La cadena brit\u00e1nica revelaba que varios j\u00f3venes fueron trasladados de forma ilegal desde Liberia hasta Laos, para participar en una supuesta academia de f\u00fatbol de un club de reciente formaci\u00f3n.<\/p>\n<p style=\"text-align:justify;\">Una vez all\u00ed, los j\u00f3venes se encuentran con una realidad bien distinta a la que se esperaban. Algunos de ellos declaraban que hab\u00edan sido forzados a firmar un contrato de 6 a\u00f1os, y las condiciones de salario y alojamiento que supuestamente aparec\u00edan en el acuerdo no se hab\u00edan realizado. Seg\u00fan manifestaban, dorm\u00edan en el suelo del estadio, sin recibir pago alguno.<\/p>\n<p style=\"text-align:justify;\">Algunos de los jugadores, a trav\u00e9s de la mediaci\u00f3n de <strong>FIFA<\/strong> y <strong>FIFPro<\/strong>, pudieron regresar a su pa\u00eds, pero otros decidieron quedarse, pese a las condiciones en las que se encuentran, con la esperanza de poder llegar alg\u00fan d\u00eda a\u00a0formar parte del\u00a0f\u00fatbol profesional.<\/p>\n<p style=\"text-align:justify;\">Por desgracia, y pese a los esfuerzos de <strong>FIFA<\/strong> para regular y poner fin a situaciones como esta,\u00a0miles de j\u00f3venes son sacados de manera ilegal (en muchos casos) de sus pa\u00edses de origen. \u00c9ste, no es sino uno m\u00e1s de los se pueden estar dando actualmente en el mundo del f\u00fatbol.<\/p>\n<p style=\"text-align:justify;\">Javier P\u00e9rez Villa<\/p>\n<\/div>\n<\/div>\n","protected":false},"excerpt":{"rendered":"<p>Un reciente reportaje de la BBC ha revelado la m\u00e1s que preocupante situaci\u00f3n en la que se encuentran miles de j\u00f3venes procedentes de \u00c1frica, muchos de los cuales apenas cuentan con 14 a\u00f1os, que salen cada a\u00f1o del continente con la promesa de labrarse un&nbsp;<a class=\"read-more\" href=\"https:\/\/javierperezvilla.com\/?p=967\">Leer m\u00e1s<\/a><\/p>\n","protected":false},"author":1,"featured_media":0,"comment_status":"open","ping_status":"open","sticky":false,"template":"","format":"standard","meta":{"footnotes":""},"categories":[79],"tags":[26,30,55],"class_list":["post-967","post","type-post","status-publish","format-standard","hentry","category-noticias-derecho-deportivo","tag-fifa","tag-fifpro","tag-football"],"_links":{"self":[{"href":"https:\/\/javierperezvilla.com\/index.php?rest_route=\/wp\/v2\/posts\/967","targetHints":{"allow":["GET"]}}],"collection":[{"href":"https:\/\/javierperezvilla.com\/index.php?rest_route=\/wp\/v2\/posts"}],"about":[{"href":"https:\/\/javierperezvilla.com\/index.php?rest_route=\/wp\/v2\/types\/post"}],"author":[{"embeddable":true,"href":"https:\/\/javierperezvilla.com\/index.php?rest_route=\/wp\/v2\/users\/1"}],"replies":[{"embeddable":true,"href":"https:\/\/javierperezvilla.com\/index.php?rest_route=%2Fwp%2Fv2%2Fcomments&post=967"}],"version-history":[{"count":0,"href":"https:\/\/javierperezvilla.com\/index.php?rest_route=\/wp\/v2\/posts\/967\/revisions"}],"wp:attachment":[{"href":"https:\/\/javierperezvilla.com\/index.php?rest_route=%2Fwp%2Fv2%2Fmedia&parent=967"}],"wp:term":[{"taxonomy":"category","embeddable":true,"href":"https:\/\/javierperezvilla.com\/index.php?rest_route=%2Fwp%2Fv2%2Fcategories&post=967"},{"taxonomy":"post_tag","embeddable":true,"href":"https:\/\/javierperezvilla.com\/index.php?rest_route=%2Fwp%2Fv2%2Ftags&post=967"}],"curies":[{"name":"wp","href":"https:\/\/api.w.org\/{rel}","templated":true}]}}